{"id":503946,"date":"2025-10-16T19:29:11","date_gmt":"2025-10-16T19:29:11","guid":{"rendered":"https:\/\/www.europesays.com\/de\/503946\/"},"modified":"2025-10-16T19:29:11","modified_gmt":"2025-10-16T19:29:11","slug":"nach-zweistuendigem-telefonat-trump-kuendigt-treffen-mit-putin-in-budapest-an","status":"publish","type":"post","link":"https:\/\/www.europesays.com\/de\/503946\/","title":{"rendered":"Nach zweist\u00fcndigem Telefonat: Trump k\u00fcndigt Treffen mit Putin in Budapest an"},"content":{"rendered":"<p>                    Nach zweist\u00fcndigem Telefonat<br \/>\n                Trump k\u00fcndigt Treffen mit Putin in Budapest an<\/p>\n<p>\t\t\t\t              16.10.2025, 19:20 Uhr<\/p>\n<p>\t\t\t\t\t       Artikel anh\u00f6ren<\/p>\n<p>\t\t\t\t\t\t\tDiese Audioversion wurde k\u00fcnstlich generiert. <a href=\"https:\/\/www.n-tv.de\/23249898\" target=\"_blank\" rel=\"noopener\">Mehr Infos<\/a><\/p>\n<p><strong>Der Krieg in der Ukraine soll mit einem neuen Versuch an Friedensgespr\u00e4chen beendet werden. Trumps Telefonat mit Putin nennt der US-Pr\u00e4sident &#8222;sehr produktiv&#8220;. Vertreter beider L\u00e4nder werden sich kommende Woche treffen, die Staatschefs selbst auch demn\u00e4chst.<\/strong><\/p>\n<p>US-Pr\u00e4sident Donald Trump will sich im Ringen um ein Ende des Ukraine-Kriegs mit Kremlchef Wladimir Putin in der ungarischen Hauptstadt Budapest treffen. Dies k\u00fcndigte er nach einem \u00fcber zweist\u00fcndigen Telefonat zwischen den beiden auf <a href=\"https:\/\/truthsocial.com\/@realDonaldTrump\/posts\/115384956858741387\" rel=\"Follow noopener\" target=\"_blank\">Truth Social<\/a> an. Einen genauen Zeitpunkt nannte er nicht.<\/p>\n<p>Kommende Woche soll es nach seinen Worten zun\u00e4chst ein Treffen hochrangiger Regierungsvertreter geben. Auf US-Seite werde Au\u00dfenminister Marco Rubio die Gespr\u00e4che leiten. Der Ort daf\u00fcr m\u00fcsse noch festgelegt werden.<\/p>\n<p>Das Telefonat mit Putin nannte Trump &#8222;sehr produktiv&#8220;. Es sei dabei auch um die Handelsbeziehungen zwischen den USA und Russland nach dem angestrebten Ende des Ukraine-Kriegs gegangen. Er sei \u00fcberzeugt, dass der &#8222;Erfolg im Nahen Osten&#8220;, also die Vereinbarung \u00fcber eine Waffenruhe nach zwei Jahren Gaza-Krieg, in den Verhandlungen zur Ukraine helfen werde.<\/p>\n<p>Der Kreml kommentierte das Gespr\u00e4ch bisher noch nicht. Lediglich der in die Gespr\u00e4che mit den USA einbezogene Moskauer Sondergesandte Kirill Dmitrijew schrieb auf der <a href=\"https:\/\/x.com\/kadmitriev\/status\/1978876468433424437\" rel=\"Follow\" target=\"_blank\">Plattform X<\/a>: &#8222;Der n\u00e4chste Gipfel kommt bald&#8220;. Parallel dazu reagierte Ungarns Regierungschef Viktor Orban prompt und schrieb ebenfalls <a href=\"https:\/\/x.com\/PM_ViktorOrban\/status\/1978877428681363690\" rel=\"Follow\" target=\"_blank\">auf X<\/a>: &#8222;Wir sind bereit!&#8220;<\/p>\n<p>In Trumps Ank\u00fcndigung war nicht die Rede davon, dass der ukrainische Pr\u00e4sident Wolodymyr Selenskyj in irgendeiner Weise eingebunden werden soll. Der US-Pr\u00e4sident schrieb nur, dass er mit dem Ukrainer am morgigen Freitag im Wei\u00dfen Haus \u00fcber sein Telefonat mit Pr\u00e4sident Putin sprechen werde.<\/p>\n<p>Kiesewetter: Spaltung Europas droht<\/p>\n<p>Der CDU-Au\u00dfenpolitiker Roderich Kiesewetter kritisiert Trumps Pl\u00e4ne. &#8222;Ein Treffen von Donald Trump mit Wladimir Putin, noch dazu in Ungarn, ist ein fatales Zeichen f\u00fcr die europ\u00e4ische Sicherheit, denn das gibt Russland erneut die M\u00f6glichkeit, Europa zu spalten und die Unterst\u00fctzung f\u00fcr die Ukraine zu untergraben&#8220;, sagte Kiesewetter der &#8222;Rheinischen Post&#8220;. Damit sei nun auch davon auszugehen, dass Trump erst mal keine Tomahawk-Marschflugk\u00f6rper an die Ukraine geben werde, sondern sich ein weiteres Mal von Russland bearbeiten lasse, so der CDU-Au\u00dfenexperte.<\/p>\n<p>&#8222;Putin ist zu ernsthaften Verhandlungen nur dann bereit, wenn er keinen milit\u00e4rischen Erfolg mehr sieht und milit\u00e4risch zu Verhandlungen gezwungen ist &#8211; dort sind wir jedoch noch lange nicht&#8220;, so Kiesewetter. &#8222;Insofern ist das Schlimmste zu bef\u00fcrchten, dass Trump die Unterst\u00fctzung f\u00fcr die Ukraine zur\u00fcckfahren wird und gegebenenfalls sogar die Erfolge der Ukraine mit den empfindlichen Angriffen auf russische \u00d6lraffinerien einschr\u00e4nken will&#8220;, sagte Kiesewetter. Er hoffe auf das diplomatische Geschick Selenskyjs morgen bei dem geplanten Gespr\u00e4ch mit Trump.<\/p>\n<p>Selenskyj zu Besuch im Wei\u00dfen Haus<\/p>\n<p>Der ukrainische Pr\u00e4sident will bei seinem Besuch in Washington von Trump eigentlich die Freigabe f\u00fcr den Verkauf von Tomahawk-Marschflugk\u00f6rpern an sein Land bekommen, die eine hohe Reichweite haben. Finanziert werden k\u00f6nnte der Deal durch Nato-Partner. Der Kreml warnte die US-Regierung nachdr\u00fccklich vor einer solchen Lieferung. Russlands Ex-Pr\u00e4sident und Sicherheitsrats-Vizechef Dmitri Medwedew deutete gar eine m\u00f6gliche Gegenreaktion mit Atomwaffen an. Das Gespr\u00e4ch zwischen Trump und Putin k\u00f6nnte nun neue Dynamik in das Treffen bringen.<\/p>\n<p>Das letzte pers\u00f6nliche Treffen von Trump und Putin liegt rund zwei Monate zur\u00fcck. Der US-Pr\u00e4sident hatte den Kremlchef im August im US-Bundesstaat Alaska empfangen. Es war die erste Begegnung eines amtierenden US-Pr\u00e4sidenten mit Putin seit mehr als vier Jahren. Nach der russischen Invasion im Februar 2022 herrschte unter Trumps demokratischem Amtsvorg\u00e4nger Joe Biden weitgehend Funkstille &#8211; die USA wurden zum wichtigsten Unterst\u00fctzer der ukrainischen Verteidiger.<\/p>\n<p>Greifbare Ergebnisse im Hinblick auf eine schnelle Friedensl\u00f6sung im Ukraine-Krieg brachte der Gipfel in Alaska nicht. Trump hatte zudem immer wieder ein Dreier-Treffen Putin-Selenskyj-Trump ins Spiel gebracht &#8211; doch dazu kam es bislang nicht.<\/p>\n","protected":false},"excerpt":{"rendered":"Nach zweist\u00fcndigem Telefonat Trump k\u00fcndigt Treffen mit Putin in Budapest an 16.10.2025, 19:20 Uhr Artikel anh\u00f6ren Diese Audioversion&hellip;\n","protected":false},"author":2,"featured_media":503947,"comment_status":"","ping_status":"","sticky":false,"template":"","format":"standard","meta":{"footnotes":""},"categories":[5],"tags":[331,332,661,3364,29,508,106,30,13,14,15,16,307,12,317,3081,501,64,306,107],"class_list":{"0":"post-503946","1":"post","2":"type-post","3":"status-publish","4":"format-standard","5":"has-post-thumbnail","7":"category-nachrichten","8":"tag-aktuelle-nachrichten","9":"tag-aktuelle-news","10":"tag-angriff-auf-die-ukraine","11":"tag-de","12":"tag-deutschland","13":"tag-diplomatie","14":"tag-donald-trump","15":"tag-germany","16":"tag-headlines","17":"tag-nachrichten","18":"tag-news","19":"tag-politik","20":"tag-russland","21":"tag-schlagzeilen","22":"tag-ukraine","23":"tag-ukraine-konflikt","24":"tag-ungarn","25":"tag-usa","26":"tag-wladimir-putin","27":"tag-wolodymyr-selenskyj"},"share_on_mastodon":{"url":"https:\/\/pubeurope.com\/@de\/115385504290456202","error":""},"_links":{"self":[{"href":"https:\/\/www.europesays.com\/de\/wp-json\/wp\/v2\/posts\/503946","targetHints":{"allow":["GET"]}}],"collection":[{"href":"https:\/\/www.europesays.com\/de\/wp-json\/wp\/v2\/posts"}],"about":[{"href":"https:\/\/www.europesays.com\/de\/wp-json\/wp\/v2\/types\/post"}],"author":[{"embeddable":true,"href":"https:\/\/www.europesays.com\/de\/wp-json\/wp\/v2\/users\/2"}],"replies":[{"embeddable":true,"href":"https:\/\/www.europesays.com\/de\/wp-json\/wp\/v2\/comments?post=503946"}],"version-history":[{"count":0,"href":"https:\/\/www.europesays.com\/de\/wp-json\/wp\/v2\/posts\/503946\/revisions"}],"wp:featuredmedia":[{"embeddable":true,"href":"https:\/\/www.europesays.com\/de\/wp-json\/wp\/v2\/media\/503947"}],"wp:attachment":[{"href":"https:\/\/www.europesays.com\/de\/wp-json\/wp\/v2\/media?parent=503946"}],"wp:term":[{"taxonomy":"category","embeddable":true,"href":"https:\/\/www.europesays.com\/de\/wp-json\/wp\/v2\/categories?post=503946"},{"taxonomy":"post_tag","embeddable":true,"href":"https:\/\/www.europesays.com\/de\/wp-json\/wp\/v2\/tags?post=503946"}],"curies":[{"name":"wp","href":"https:\/\/api.w.org\/{rel}","templated":true}]}}