{"id":503956,"date":"2025-10-16T19:34:15","date_gmt":"2025-10-16T19:34:15","guid":{"rendered":"https:\/\/www.europesays.com\/de\/503956\/"},"modified":"2025-10-16T19:34:15","modified_gmt":"2025-10-16T19:34:15","slug":"warum-der-kfc-uerdingen-trotzdem-auch-ein-gewinner-ist","status":"publish","type":"post","link":"https:\/\/www.europesays.com\/de\/503956\/","title":{"rendered":"Warum der KFC Uerdingen trotzdem auch ein Gewinner ist"},"content":{"rendered":"<p class=\"text_ohne_einzug richtext text-em-55 !leading-serif mx-6 desktop:mx-0\">Wer erst kurz nach Abpfiff an diesem Mittwochabend die Grotenburg betreten und den Blick zur Anzeigetafel vermieden h\u00e4tte, der h\u00e4tte wohl nicht sagen k\u00f6nnen, wie das Spiel zwischen dem <a href=\"https:\/\/rp-online.de\/thema\/kfc-uerdingen\/\" target=\"_blank\" rel=\"noopener\">KFC Uerdingen<\/a> und dem <a href=\"https:\/\/rp-online.de\/thema\/msv-duisburg\/\" target=\"_blank\" rel=\"noopener\">MSV Duisburg<\/a> ausgegangen ist. Denn es bot sich ein leicht surreales Bild. Vor beiden Trib\u00fcnen standen die Teams vor ihren jeweiligen Fanlagern und wurden lautstark vom Anhang gefeiert. Nach einem Pokalspiel, wo es zwangsl\u00e4ufig einen Sieger und einen Verlierer gibt, sicher etwas nicht Allt\u00e4gliches.<\/p>\n","protected":false},"excerpt":{"rendered":"Wer erst kurz nach Abpfiff an diesem Mittwochabend die Grotenburg betreten und den Blick zur Anzeigetafel vermieden h\u00e4tte,&hellip;\n","protected":false},"author":2,"featured_media":503957,"comment_status":"","ping_status":"","sticky":false,"template":"","format":"standard","meta":{"footnotes":""},"categories":[1838],"tags":[40475,75566,3364,29,3715,125951,1002,12352,30,17857,25157,22916,38706,9435,1209,22931],"class_list":{"0":"post-503956","1":"post","2":"type-post","3":"status-publish","4":"format-standard","5":"has-post-thumbnail","7":"category-duisburg","8":"tag-40475","9":"tag-bot","10":"tag-de","11":"tag-deutschland","12":"tag-duisburg","13":"tag-eventfans","14":"tag-fans","15":"tag-fanszene","16":"tag-germany","17":"tag-gewinner","18":"tag-grotenburg","19":"tag-kfc","20":"tag-krefelder","21":"tag-msv","22":"tag-nordrhein-westfalen","23":"tag-uerdingen"},"share_on_mastodon":{"url":"https:\/\/pubeurope.com\/@de\/115385523896671196","error":""},"_links":{"self":[{"href":"https:\/\/www.europesays.com\/de\/wp-json\/wp\/v2\/posts\/503956","targetHints":{"allow":["GET"]}}],"collection":[{"href":"https:\/\/www.europesays.com\/de\/wp-json\/wp\/v2\/posts"}],"about":[{"href":"https:\/\/www.europesays.com\/de\/wp-json\/wp\/v2\/types\/post"}],"author":[{"embeddable":true,"href":"https:\/\/www.europesays.com\/de\/wp-json\/wp\/v2\/users\/2"}],"replies":[{"embeddable":true,"href":"https:\/\/www.europesays.com\/de\/wp-json\/wp\/v2\/comments?post=503956"}],"version-history":[{"count":0,"href":"https:\/\/www.europesays.com\/de\/wp-json\/wp\/v2\/posts\/503956\/revisions"}],"wp:featuredmedia":[{"embeddable":true,"href":"https:\/\/www.europesays.com\/de\/wp-json\/wp\/v2\/media\/503957"}],"wp:attachment":[{"href":"https:\/\/www.europesays.com\/de\/wp-json\/wp\/v2\/media?parent=503956"}],"wp:term":[{"taxonomy":"category","embeddable":true,"href":"https:\/\/www.europesays.com\/de\/wp-json\/wp\/v2\/categories?post=503956"},{"taxonomy":"post_tag","embeddable":true,"href":"https:\/\/www.europesays.com\/de\/wp-json\/wp\/v2\/tags?post=503956"}],"curies":[{"name":"wp","href":"https:\/\/api.w.org\/{rel}","templated":true}]}}