{"id":503958,"date":"2025-10-16T19:35:22","date_gmt":"2025-10-16T19:35:22","guid":{"rendered":"https:\/\/www.europesays.com\/de\/503958\/"},"modified":"2025-10-16T19:35:22","modified_gmt":"2025-10-16T19:35:22","slug":"eichhoernchenbruecke-in-nuernberg-neues-zeichen-fuer-artenschutz","status":"publish","type":"post","link":"https:\/\/www.europesays.com\/de\/503958\/","title":{"rendered":"Eichh\u00f6rnchenbr\u00fccke in N\u00fcrnberg: Neues Zeichen f\u00fcr Artenschutz"},"content":{"rendered":"<ol class=\"id-DonaldBreadcrumb lp_west_breadcrumb id-DonaldBreadcrumb--default\" data-k5a-pos=\"west_breadcrumb\">\n<li class=\"id-Breadcrumb-item\"><a href=\"https:\/\/www.merkur.de\/\" class=\"id-Breadcrumb-link\" data-id-ec=\"{\" shn=\"\" textlink=\"\" data-k5a-pos=\"1_startseite\" rel=\"nofollow noopener\" target=\"_blank\">Startseite<\/a><\/li>\n<li class=\"id-Breadcrumb-item\"><a href=\"https:\/\/www.merkur.de\/bayern\/\" class=\"id-Breadcrumb-link\" data-id-ec=\"{\" shn=\"\" textlink=\"\" data-k5a-pos=\"2_bayern\" rel=\"nofollow noopener\" target=\"_blank\">Bayern<\/a><\/li>\n<\/ol>\n<p class=\"id-Story-timestamp id-Story-timestamp--default\">Stand: 16.10.2025, 20:51 Uhr<\/p>\n<p class=\"id-Story-authors id-Story-authors--default\">Von: <a class=\"id-Story-authors-link lp_west_author\" href=\"https:\/\/www.merkur.de\/autor\/coline-favennec-ab1exbiog.html\" title=\"Zur Autorenseite von Coline Favennec\" data-id-ec=\"{\" shn=\"\" author-link=\"\" favennec=\"\" data-k5a-pos=\"west_author\" rel=\"nofollow noopener\" target=\"_blank\">Coline Favennec<\/a><\/p>\n<p class=\"id-Story-interactionBar id-Story-interactionBar--default\">DruckenTeilen<\/p>\n<p class=\"id-StoryElement-leadText\">Um die Eichh\u00f6rnchen von einem tragischen Schicksal zu bewahren, hat N\u00fcrnberg eine Initiative ergriffen: Die Stadt setzt erstmals eine eigene Br\u00fccke f\u00fcr die Tiere ein.<\/p>\n<p class=\"id-StoryElement-paragraph\">N\u00fcrnberg \u2013 Jedes Jahr kommen nach Angaben des Naturschutzbundes Deutschland (NABU) rund eine viertel Million Wildtiere durch einen Verkehrsunfall ums Leben. <a href=\"https:\/\/www.landtiere.de\/weitere-tiere\/kleintiere-sti1524913\/\" class=\"id-import-Link id-pageApi-Link--externalDomain\" title=\"Kleintiere\" data-id-ec=\"{&quot;sht&quot;:&quot;Container&quot;,&quot;shn&quot;:&quot;Story&quot;,&quot;p&quot;:{&quot;containerType&quot;:&quot;Paragraph&quot;,&quot;displayType&quot;:&quot;Paragraph InlineLink&quot;,&quot;type&quot;:&quot;INLINE_LINK&quot;,&quot;value&quot;:&quot;Kleintiere&quot;,&quot;variant&quot;:&quot;standardLink&quot;,&quot;sponsored&quot;:false,&quot;linkHref&quot;:&quot;https:\/\/www.landtiere.de\/weitere-tiere\/kleintiere-sti1524913\/&quot;,&quot;storyElementPosition&quot;:8,&quot;storyElementCount&quot;:22}}\" rel=\"nofollow noopener\" target=\"_blank\">Kleintiere<\/a>, wie Mardern oder Eichh\u00f6rnchen, sind nicht einmal in den Zahlen enthalten. Dabei sind auch diese, mangels \u00dcberquerm\u00f6glichkeiten, von diesem Tierschicksal betroffen. Ein Problem, dem sich die Stadt <a href=\"https:\/\/www.merkur.de\/bayern\/nuernberg\/\" class=\"id-import-Link\" title=\"N&#xFC;rnberg\" data-id-ec=\"{&quot;sht&quot;:&quot;Container&quot;,&quot;shn&quot;:&quot;Story&quot;,&quot;p&quot;:{&quot;containerType&quot;:&quot;Paragraph&quot;,&quot;displayType&quot;:&quot;Paragraph InlineLink&quot;,&quot;type&quot;:&quot;INLINE_LINK&quot;,&quot;value&quot;:&quot;N&#xFC;rnberg&quot;,&quot;variant&quot;:&quot;standardLink&quot;,&quot;sponsored&quot;:false,&quot;linkHref&quot;:&quot;https:\/\/www.merkur.de\/bayern\/nuernberg\/&quot;,&quot;storyElementPosition&quot;:8,&quot;storyElementCount&quot;:22}}\" rel=\"nofollow noopener\" target=\"_blank\">N\u00fcrnberg<\/a> jetzt wenden m\u00f6chte. Daf\u00fcr soll zum ersten Mal eine Eichh\u00f6rnchenbr\u00fccke entstehen.<\/p>\n<p><img decoding=\"async\" class=\"id-RatioPlaceholder-element wv_story_el_image\" src=\"https:\/\/www.europesays.com\/de\/wp-content\/uploads\/2025\/10\/40084721-um-strassen-zu-ueberqueren-springen-eichhoernchen-von-baum-zu-baum-QTBG.jpg\" loading=\"lazy\"   height=\"733\" width=\"1100\" alt=\"Um Stra&#xDF;en zu &#xFC;berqueren, springen Eichh&#xF6;rnchen von Baum zu Baum.\"\/>Um Stra\u00dfen zu \u00fcberqueren, springen Eichh\u00f6rnchen von Baum zu Baum. \u00a9\u00a0IMAGO \/ blickwinkelDie Einf\u00fchrung der Eichh\u00f6rnchenbr\u00fccke als \u201esichtbares Zeichen f\u00fcr gelebten Artenschutz\u201c<\/p>\n<p class=\"id-StoryElement-paragraph\">\u201eMehr Eichh\u00f6rnchen-Br\u00fccken!\u201c, fordert der Bund Naturschutz (BN) in Bayern. Wie letzterer erkl\u00e4rt, sind Stra\u00dfen f\u00fcr Eichh\u00f6rnchen kein Problem, solange sie diese \u00fcberqueren k\u00f6nnen. Das machen sie, indem sie von Baum zu Baum springen. Zum Problem wird die Stra\u00dfe dann, wenn die B\u00e4ume zu weit auseinander sind und die Kleintiere die Stra\u00dfe am Boden \u00fcberqueren m\u00fcssen \u2013 wobei sie oft \u00fcberfahren werden. Um eine Abhilfe zu schaffen, m\u00f6chte der BN eine Seilbr\u00fccke einf\u00fchren, die die B\u00e4ume verbindet und somit die Stra\u00dfen\u00fcberquerung erm\u00f6glicht. <\/p>\n<p class=\"id-StoryElement-paragraph\">(\u00dcbrigens: Unser <a href=\"https:\/\/www.merkur.de\/sso\/register?redirect_uri=https%3A%2F%2Faccounts.user.id%2Faccount%2Fnewsletter%2Fsubscribe%2FSKU-00000928&amp;source=mt_newsletter-intern_web\" target=\"_blank\" class=\"id-import-Link\" data-id-ec=\"{&quot;sht&quot;:&quot;Container&quot;,&quot;shn&quot;:&quot;Story&quot;,&quot;p&quot;:{&quot;containerType&quot;:&quot;Paragraph&quot;,&quot;displayType&quot;:&quot;Paragraph InlineLink&quot;,&quot;type&quot;:&quot;INLINE_LINK&quot;,&quot;value&quot;:&quot;Bayern-Newsletter&quot;,&quot;variant&quot;:&quot;standardLink&quot;,&quot;sponsored&quot;:false,&quot;linkHref&quot;:&quot;https:\/\/www.merkur.de\/sso\/register?redirect_uri=https%3A%2F%2Faccounts.user.id%2Faccount%2Fnewsletter%2Fsubscribe%2FSKU-00000928&amp;source=mt_newsletter-intern_web&quot;,&quot;storyElementPosition&quot;:14,&quot;storyElementCount&quot;:22}}\" rel=\"nofollow noopener\">Bayern-Newsletter<\/a> informiert Sie t\u00e4glich \u00fcber alle wichtigen Geschichten aus Bayern. Jetzt nach einer kurzen Registrierung bei unserem Medien-Login USER.ID anmelden.)<\/p>\n<p class=\"id-StoryElement-paragraph\">In der Eichendorffstra\u00dfe soll die erste N\u00fcrnberger Eichh\u00f6rnchenbr\u00fccke entstehen, teilt die Stadt mit. Durch die Einf\u00fchrung der Br\u00fccke m\u00f6chte die Stadt ein \u201esichtbares Zeichen f\u00fcr gelebten Artenschutz\u201c setzen. Dar\u00fcber hinaus sehe der Servicebetrieb \u00d6ffentlicher Raum N\u00fcrnberg (S\u00f6r) die geplante Br\u00fccke als sinnvolle Erg\u00e4nzung zum Schutz der betroffenen Tiere und zum Erhalt ihres Lebensraums. Bei der Br\u00fccke handelt es sich um ein Seil, das die \u00fcberbr\u00fcckende Spannweite von rund 27 Metern hat. <\/p>\n<p class=\"id-StoryElement-paragraph\">Das Projekt basiert stark auf b\u00fcrgerliches Engagement und eine vom B\u00fcrgerverein Jobst-Erlenstegen initiierte Spendenaktion. Die gewonnenen Spenden werden dem BN \u00fcbergeben, der die Ma\u00dfnahme umsetzen soll. <\/p>\n<p>Die seltensten Tiere in Bayern: Was einem im Freistaat so \u00fcber den Weg laufen kann <img decoding=\"async\" class=\"id-RatioPlaceholder-element wv_story_el_interstitialImage\" src=\"https:\/\/www.europesays.com\/de\/wp-content\/uploads\/2025\/04\/33751169-in-bayern-treiben-sich-viele-der-seltensten-tiere-deutschlands-herum-die-meisten-gibt-es-im.jpeg\" loading=\"lazy\"   height=\"1200\" width=\"1600\" alt=\"In Bayern treiben sich viele der seltensten Tiere Deutschlands herum. Die meisten gibt es im Alpenraum oder rund um den Bayerischen Wald, manche finden sich aber auch in Franken und Schwaben. Auf den nachfolgenden Bildern finden Sie eine Auswahl der seltensten Tiere, die Ihnen im Freistaat begegnen k&#xF6;nnen.\"\/><a href=\"https:\/\/www.merkur.de\/bayern\/bilder-seltensten-tiere-bayern-wanderer-wolf-baer-luchs-fotos-zr-92922278.html\" class=\"id-StoryElement-intestitialLink-link\" data-id-ec=\"{\" shn=\"\" ansehen=\"\" data-k5a-pos=\"west_story_17_photoGalleryLink\" title=\"Zur Fotostrecke: Die seltensten Tiere in Bayern: Was einem im Freistaat so &#xFC;ber den Weg laufen kann \" rel=\"nofollow noopener\" target=\"_blank\">Fotostrecke ansehen<\/a>Eichh\u00f6rnchenbr\u00fccken als zentrale  Aufgabe des Naturschutzes<\/p>\n<p class=\"id-StoryElement-paragraph\">F\u00fcr den Bund Naturschutz in Bayern handelt es sich, um ein langj\u00e4hriges Engagement. Im Rahmen des Projektes \u201eEichh\u00f6rnchen in Bayern\u201c setzt sich der Bund das Ziel herauszufinden, wo besonders h\u00e4ufig \u00fcberfahren werden. Somit k\u00f6nnte angemessen auf das Problem eingegangen werden. \u201eIn der Folge k\u00f6nnen wir diese Gefahrenbereiche entsch\u00e4rfen\u201c, erkl\u00e4rt der BN. In <a href=\"https:\/\/www.merkur.de\/bayern\/regensburg\/\" class=\"id-import-Link\" title=\"Regensburg\" data-id-ec=\"{&quot;sht&quot;:&quot;Container&quot;,&quot;shn&quot;:&quot;Story&quot;,&quot;p&quot;:{&quot;containerType&quot;:&quot;Paragraph&quot;,&quot;displayType&quot;:&quot;Paragraph InlineLink&quot;,&quot;type&quot;:&quot;INLINE_LINK&quot;,&quot;value&quot;:&quot;Regensburg&quot;,&quot;variant&quot;:&quot;standardLink&quot;,&quot;sponsored&quot;:false,&quot;linkHref&quot;:&quot;https:\/\/www.merkur.de\/bayern\/regensburg\/&quot;,&quot;storyElementPosition&quot;:20,&quot;storyElementCount&quot;:22}}\" rel=\"nofollow noopener\" target=\"_blank\">Regensburg<\/a> seien im April 2025 schon drei Eichh\u00f6rnchen-Br\u00fccken aufgeh\u00e4ngt worden. In Zirndorf wird die sichere \u00dcberquerung der viel befahrenen F\u00fcrther Stra\u00dfe seit Ende 2024 gew\u00e4hrleistet.<\/p>\n<p class=\"id-StoryElement-paragraph\">Der Bund Naturschutz hofft auf weitere solcher Br\u00fccken \u2013 und vielleicht geh\u00f6ren h\u00e4ngende Seile \u00fcber Stra\u00dfen bald ganz selbstverst\u00e4ndlich zum Stadtbild. (Quellen: Bund Naturschutz Bayern, Stadt N\u00fcrnberg, Naturschutzbund Deutschland, eigene Recherche)<\/p>\n","protected":false},"excerpt":{"rendered":"Startseite Bayern Stand: 16.10.2025, 20:51 Uhr Von: Coline Favennec DruckenTeilen Um die Eichh\u00f6rnchen von einem tragischen Schicksal zu&hellip;\n","protected":false},"author":2,"featured_media":503959,"comment_status":"","ping_status":"","sticky":false,"template":"","format":"standard","meta":{"footnotes":""},"categories":[1837],"tags":[772,3364,29,30,3783],"class_list":{"0":"post-503958","1":"post","2":"type-post","3":"status-publish","4":"format-standard","5":"has-post-thumbnail","7":"category-nuernberg","8":"tag-bayern","9":"tag-de","10":"tag-deutschland","11":"tag-germany","12":"tag-nuernberg"},"share_on_mastodon":{"url":"https:\/\/pubeurope.com\/@de\/115385528036223406","error":""},"_links":{"self":[{"href":"https:\/\/www.europesays.com\/de\/wp-json\/wp\/v2\/posts\/503958","targetHints":{"allow":["GET"]}}],"collection":[{"href":"https:\/\/www.europesays.com\/de\/wp-json\/wp\/v2\/posts"}],"about":[{"href":"https:\/\/www.europesays.com\/de\/wp-json\/wp\/v2\/types\/post"}],"author":[{"embeddable":true,"href":"https:\/\/www.europesays.com\/de\/wp-json\/wp\/v2\/users\/2"}],"replies":[{"embeddable":true,"href":"https:\/\/www.europesays.com\/de\/wp-json\/wp\/v2\/comments?post=503958"}],"version-history":[{"count":0,"href":"https:\/\/www.europesays.com\/de\/wp-json\/wp\/v2\/posts\/503958\/revisions"}],"wp:featuredmedia":[{"embeddable":true,"href":"https:\/\/www.europesays.com\/de\/wp-json\/wp\/v2\/media\/503959"}],"wp:attachment":[{"href":"https:\/\/www.europesays.com\/de\/wp-json\/wp\/v2\/media?parent=503958"}],"wp:term":[{"taxonomy":"category","embeddable":true,"href":"https:\/\/www.europesays.com\/de\/wp-json\/wp\/v2\/categories?post=503958"},{"taxonomy":"post_tag","embeddable":true,"href":"https:\/\/www.europesays.com\/de\/wp-json\/wp\/v2\/tags?post=503958"}],"curies":[{"name":"wp","href":"https:\/\/api.w.org\/{rel}","templated":true}]}}