{"id":503969,"date":"2025-10-16T19:42:14","date_gmt":"2025-10-16T19:42:14","guid":{"rendered":"https:\/\/www.europesays.com\/de\/503969\/"},"modified":"2025-10-16T19:42:14","modified_gmt":"2025-10-16T19:42:14","slug":"beruehmtes-weihnachtshaus-leuchtet-wieder-mit-60-000-lichtern-regional","status":"publish","type":"post","link":"https:\/\/www.europesays.com\/de\/503969\/","title":{"rendered":"Ber\u00fchmtes Weihnachtshaus leuchtet wieder: mit 60.000 Lichtern | Regional"},"content":{"rendered":"<p>Delmenhorst (Niedersachsen) \u2013<b> Im vergangenen Jahr blieb es dunkel. Dieses Jahr soll das ber\u00fchmte Weihnachtshaus wieder leuchten. Insgesamt 60.000 Lichter sollen die Menschen in Delmenhorst (Niedersachsen) erfreuen und alle, die zu dem Haus pilgern, um es zu bewundern. <\/b><\/p>\n<p>Die Geschichte dahinter ist eine traurige und doch sch\u00f6ne. Es ist eine Geschichte der Liebe. BILD erz\u00e4hlt sie.<\/p>\n<p>Fast ein Vierteljahrhundert teilte das Paar, das in dem Weihnachtshaus wohnte, die Leidenschaft: Jedes Jahr t\u00fcftelte es am gemeinsamen Wunderland, das die Menschen verzauberte. Doch, drei Tage vor Weihnachten 2024 starb Martina Borchart pl\u00f6tzlich. Aus Liebe zu ihr will Witwer Sven Borchart (55) die Lichter jetzt wieder leuchten lassen.<\/p>\n<p>Das sagt der Mann aus dem Weihnachtshaus<\/p>\n<p>Sven Borchart zu BILD: \u201eIch war lange am \u00dcberlegen, ob ich es \u00fcberhaupt noch mal mache, aber in Gedenken an meine Frau m\u00f6chte ich das Haus noch einmal leuchten lassen.\u201c Denn als seine Frau starb, hat der Witwer erstmals kein Lampenmeer entz\u00fcndet. Eine schwere Knieverletzung samt OP hatte es ihm in dem Jahr unm\u00f6glich gemacht, die notwendigen Arbeiten zu erledigen, hinzu kam der Tod seiner Frau: \u201eEs kam v\u00f6llig pl\u00f6tzlich und unerwartet und war eine schwere Zeit.\u201c<\/p>\n<p><img decoding=\"async\" width=\"992\" height=\"558\" alt=\"Ein Bild aus gl\u00fccklichen Tagen: W\u00e4hrend der Corona-Zeit 2020 wurde das Haus von Sven und Martina Borchart zu einem Lichtblick in dunklen Tagen\" src=\"https:\/\/www.europesays.com\/de\/wp-content\/uploads\/2025\/10\/b649f36d718c37648233fe4e802dc4e6,a6b02ea2\"   class=\"landscape\" loading=\"lazy\"\/><\/p>\n<p class=\"fig__caption__text\">Ein Bild aus gl\u00fccklichen Tagen: Sven und Martina Borchart zur Coronazeit 2020 vor ihrem geschm\u00fcckten Haus<\/p>\n<p>Foto: picture alliance\/dpa<\/p>\n<p>Der ganze Ort freut sich<\/p>\n<p>Aus Liebe und in Gedenken an seine geliebte Martina l\u00e4sst Sven Borchart das Haus jetzt wieder leuchten. \u201eFreunde und Nachbarn haben mich ermutigt\u201c, sagt er. Mit ihrer Unterst\u00fctzung nimmt er die Strapazen von mehr als 100 Arbeitsstunden nochmals auf sich. F\u00fcr viele in dem Ort in <a href=\"https:\/\/www.bild.de\/regional\/niedersachsen\/home-Pxo03tc7w7hEgqy6Clw4\" class=\"text-link\" target=\"_blank\" rel=\"noopener\">Niedersachsen<\/a> ist er l\u00e4ngst ihr \u201eWeihnachtsmann\u201c. \u201eGanz Delmenhorst freut sich schon.\u201c<\/p>\n<p><img decoding=\"async\" width=\"992\" height=\"558\" alt=\"In seiner Werkstatt \u00fcberpr\u00fcft er, ob die gro\u00dfe, rote Weihnachtskerze funktioniert\" src=\"https:\/\/www.europesays.com\/de\/wp-content\/uploads\/2025\/10\/559a24c49bb0fd9888f35b5311d1c32f,90c76b33\"   class=\"landscape\" loading=\"lazy\"\/><\/p>\n<p class=\"fig__caption__text\">In seiner Werkstatt \u00fcberpr\u00fcft er, ob die gro\u00dfe, rote Weihnachtskerze funktioniert<\/p>\n<p>Foto: Markus Hibbeler<\/p>\n<p>Was einst im Jahr 2000 mit \u201ef\u00fcnf Lichterketten und drei Litern Gl\u00fchwein\u201c wie ein klitzekleiner <a href=\"https:\/\/www.bild.de\/themen\/ereignisse\/weihnachtsmarkt\/politik-nachrichten-news-fotos-videos-21225368.bild.html\" class=\"text-link\" target=\"_blank\" rel=\"noopener\">Weihnachtsmarkt<\/a> begann, ist heute weit \u00fcber die Region hinaus bekannt. \u201eWir sind 2000 in unser Haus eingezogen und wollten uns bei den Nachbarn vorstellen. So nahm alles seinen Lauf\u201c, sagt Borchart. Besucher aus der ganzen Welt haben inzwischen den Lichter-Zauber von 60.000 LED-L\u00e4mpchen schon gesehen. Und wie immer ist das Fest der Lichter auch ein Fest des Gebens: \u00dcber die Jahre sammelte Borchart Tausende Euro f\u00fcr gute Zwecke.<\/p>\n<p><img decoding=\"async\" width=\"992\" height=\"558\" alt=\"\u201eWeihnachtsmann\u201c Sven Borchart will dieser Tage damit beginnen, sein Haus zu dekorieren\" src=\"https:\/\/www.europesays.com\/de\/wp-content\/uploads\/2025\/10\/2422cd9e99d73a893d031d301e7dfb1e,98141ca9\"   class=\"landscape\" loading=\"lazy\"\/><\/p>\n<p class=\"fig__caption__text\">Sven Borchart will noch diesen Monat beginnen, sein Haus f\u00fcr Weihnachten zu dekorieren<\/p>\n<p>Foto: Markus Hibbeler<\/p>\n<p>Weihnachtshaus macht Kinder gl\u00fccklich<\/p>\n<p>Seit Langem unterst\u00fctzt Borchart mit den Spenden das Heiltherapeutische Reiten f\u00fcr behinderte Kinder in Delmenhorst. Allein 2023 kamen 3000 Euro zusammen, 2024 trotz der Pause noch \u00fcber 2000. \u201eDas ist eine Herzensangelegenheit. Das Projekt ist zu 100 Prozent durch die Spenden vom Weihnachtshaus finanziert\u201c, sagt der Maschinenbauer. <\/p>\n<p>Mehr zum Thema<\/p>\n<p>Am ersten Advent geht es los: Bis Silvester wird das Weihnachtshaus t\u00e4glich von 16 bis 21 Uhr leuchten. Am Nikolaustag gibt es zudem warme Getr\u00e4nke f\u00fcr Besucher. Ob es nach diesem Jahr noch weitergeht, wei\u00df Borchart nicht: \u201eDieses Jahr auf alle F\u00e4lle und dann gucken wir mal weiter.\u201c Doch sicher ist schon jetzt: 2025 wird das Weihnachtshaus nicht nur die Stra\u00dfen von Delmenhorst erhellen \u2013 sondern auch das Andenken an eine gro\u00dfe Liebe. <\/p>\n","protected":false},"excerpt":{"rendered":"Delmenhorst (Niedersachsen) \u2013 Im vergangenen Jahr blieb es dunkel. Dieses Jahr soll das ber\u00fchmte Weihnachtshaus wieder leuchten. Insgesamt&hellip;\n","protected":false},"author":2,"featured_media":503970,"comment_status":"","ping_status":"","sticky":false,"template":"","format":"standard","meta":{"footnotes":""},"categories":[1824],"tags":[95402,2420,3364,49828,15209,29,30,5213,125954,125955,125956,1411,45,12289,1463],"class_list":{"0":"post-503969","1":"post","2":"type-post","3":"status-publish","4":"format-standard","5":"has-post-thumbnail","7":"category-bremen","8":"tag-advent","9":"tag-bremen","10":"tag-de","11":"tag-dekoration","12":"tag-delmenhorst","13":"tag-deutschland","14":"tag-germany","15":"tag-haus","16":"tag-lampen","17":"tag-leuchte","18":"tag-lichterketten","19":"tag-niedersachsen","20":"tag-texttospeech","21":"tag-weihnachten","22":"tag-wohnen"},"share_on_mastodon":{"url":"https:\/\/pubeurope.com\/@de\/115385555553801019","error":""},"_links":{"self":[{"href":"https:\/\/www.europesays.com\/de\/wp-json\/wp\/v2\/posts\/503969","targetHints":{"allow":["GET"]}}],"collection":[{"href":"https:\/\/www.europesays.com\/de\/wp-json\/wp\/v2\/posts"}],"about":[{"href":"https:\/\/www.europesays.com\/de\/wp-json\/wp\/v2\/types\/post"}],"author":[{"embeddable":true,"href":"https:\/\/www.europesays.com\/de\/wp-json\/wp\/v2\/users\/2"}],"replies":[{"embeddable":true,"href":"https:\/\/www.europesays.com\/de\/wp-json\/wp\/v2\/comments?post=503969"}],"version-history":[{"count":0,"href":"https:\/\/www.europesays.com\/de\/wp-json\/wp\/v2\/posts\/503969\/revisions"}],"wp:featuredmedia":[{"embeddable":true,"href":"https:\/\/www.europesays.com\/de\/wp-json\/wp\/v2\/media\/503970"}],"wp:attachment":[{"href":"https:\/\/www.europesays.com\/de\/wp-json\/wp\/v2\/media?parent=503969"}],"wp:term":[{"taxonomy":"category","embeddable":true,"href":"https:\/\/www.europesays.com\/de\/wp-json\/wp\/v2\/categories?post=503969"},{"taxonomy":"post_tag","embeddable":true,"href":"https:\/\/www.europesays.com\/de\/wp-json\/wp\/v2\/tags?post=503969"}],"curies":[{"name":"wp","href":"https:\/\/api.w.org\/{rel}","templated":true}]}}