{"id":503988,"date":"2025-10-16T19:52:14","date_gmt":"2025-10-16T19:52:14","guid":{"rendered":"https:\/\/www.europesays.com\/de\/503988\/"},"modified":"2025-10-16T19:52:14","modified_gmt":"2025-10-16T19:52:14","slug":"stuttgarter-polizei-sucht-zeugen-mutter-samt-kinderwagen-von-seat-erfasst-passanten-retten-34-jaehrige","status":"publish","type":"post","link":"https:\/\/www.europesays.com\/de\/503988\/","title":{"rendered":"Stuttgarter Polizei sucht Zeugen: Mutter samt Kinderwagen von Seat erfasst \u2013 Passanten retten 34-J\u00e4hrige"},"content":{"rendered":"<p>\t\t\t\t\t\t\t\t\t\t\t\t\t\t\t\t\t\t\t\t\t\t\t\t\t\t\t\t      \t\t            \t\t             \t\t\t\t   \t\t\t\t\t   <img decoding=\"async\" id=\"article-image\" fetchpriority=\"high\" alt=\"Stuttgarter Polizei sucht Zeugen: Mutter samt Kinderwagen von Seat erfasst \u2013 Passanten retten 34-J\u00e4hrige\" title=\"Stuttgarter Polizei sucht Zeugen: Mutter samt Kinderwagen von Seat erfasst \u2013 Passanten retten 34-J\u00e4hrige\" src=\"https:\/\/www.europesays.com\/de\/wp-content\/uploads\/2025\/10\/media.media.5974088d-892c-4086-bc1d-1902ddc64307.16x9_700.jpg\" data-linkto=\"https:\/\/www.stuttgarter-nachrichten.de\/javascript:void(0);\"\/>\t\t\t\t\t\t\t\t\t\t\t\t\t\t\t\t\t\t\t\t\t\t\t\tDie Mutter, ihr Kind sowie ein Helfer kamen in ein Krankenhaus. (Symbolbild)\u00a0Foto: Nicolas Armer\/dpa\t\t\t<\/p>\n<p>Eine Frau und ihr in einem Kinderwagen liegendes Kind werden von einem Auto erfasst. Das Kind wird leicht verletzt, die Mutter ger\u00e4t unter das Auto. Passanten eilen zur Hilfe.<\/p>\n<p>Eine 23 Jahre alte Seat-Fahrerin hat am Donnerstagnachmittag in der Bauernwaldstra\u00dfe in Botnang eine 34 Jahre alte Frau und deren Kinderwagen, in dem das zweij\u00e4hrige Kind der 34-J\u00e4hrigen lag, mit ihrem Fahrzeug erfasst. Die Mutter geriet unter das Auto und wurde schwer verletzt. Passanten hoben das Fahrzeug an, um die Frau zu befreien. Das Kind wurde bei dem <a href=\"https:\/\/www.stuttgarter-nachrichten.de\/thema\/Unfall\" title=\"Unfall\" class=\"art_thema\" rel=\"nofollow noopener\" target=\"_blank\">Unfall<\/a> leicht verletzt.<\/p>\n<p>Wie die <a href=\"https:\/\/www.stuttgarter-nachrichten.de\/thema\/Polizei\" title=\"Polizei\" class=\"art_thema\" rel=\"nofollow noopener\" target=\"_blank\">Polizei<\/a> berichtet, war die 23-J\u00e4hrige mit ihrem Seat gegen 16 Uhr in der Furtw\u00e4nglerstra\u00dfe in Richtung Feuerbacher-Tal-Stra\u00dfe unterwegs und bog nach links in die Bauernwaldstra\u00dfe ab. Dort erfasste sie laut Polizei die 34-j\u00e4hrige Fu\u00dfg\u00e4ngerin, die mit dem Kinderwagen die Fahrbahn \u00fcberquerte. <\/p>\n<p>Mit Hilfe von Passanten wurde die 34-J\u00e4hrige befreit <\/p>\n<p>W\u00e4hrend die 34-J\u00e4hrige unter den Seat geriet, fiel der Kinderwagen um und das Kind fiel heraus. Passanten halfen, den Seat anzuheben und die Frau zu befreien. Rettungskr\u00e4fte, darunter ein Notarzt, versorgten die Schwerverletzte und brachten sie in ein Krankenhaus. <\/p>\n<p>Das zweij\u00e4hrige Kind, das ersten Erkenntnissen der Polizei zufolge leicht verletzt wurde, sowie ein Passant, der dabei geholfen hatte, das Auto anzuheben und anschlie\u00dfend \u00fcber Schmerzen klagte, kamen vorsorglich in ein Krankenhaus. Die Verkehrspolizei sucht nun unter der Telefonnummer 0711\/8990-4100 nach Zeugen. <\/p>\n","protected":false},"excerpt":{"rendered":"Die Mutter, ihr Kind sowie ein Helfer kamen in ein Krankenhaus. (Symbolbild)\u00a0Foto: Nicolas Armer\/dpa Eine Frau und ihr&hellip;\n","protected":false},"author":2,"featured_media":503989,"comment_status":"","ping_status":"","sticky":false,"template":"","format":"standard","meta":{"footnotes":""},"categories":[1830],"tags":[1634,3364,29,30,121,8248,1441,20689,1284],"class_list":{"0":"post-503988","1":"post","2":"type-post","3":"status-publish","4":"format-standard","5":"has-post-thumbnail","7":"category-stuttgart","8":"tag-baden-wuerttemberg","9":"tag-de","10":"tag-deutschland","11":"tag-germany","12":"tag-polizei","13":"tag-polizeibericht-stuttgart","14":"tag-stuttgart","15":"tag-stuttgart-botnang","16":"tag-unfall"},"share_on_mastodon":{"url":"https:\/\/pubeurope.com\/@de\/115385594923277937","error":""},"_links":{"self":[{"href":"https:\/\/www.europesays.com\/de\/wp-json\/wp\/v2\/posts\/503988","targetHints":{"allow":["GET"]}}],"collection":[{"href":"https:\/\/www.europesays.com\/de\/wp-json\/wp\/v2\/posts"}],"about":[{"href":"https:\/\/www.europesays.com\/de\/wp-json\/wp\/v2\/types\/post"}],"author":[{"embeddable":true,"href":"https:\/\/www.europesays.com\/de\/wp-json\/wp\/v2\/users\/2"}],"replies":[{"embeddable":true,"href":"https:\/\/www.europesays.com\/de\/wp-json\/wp\/v2\/comments?post=503988"}],"version-history":[{"count":0,"href":"https:\/\/www.europesays.com\/de\/wp-json\/wp\/v2\/posts\/503988\/revisions"}],"wp:featuredmedia":[{"embeddable":true,"href":"https:\/\/www.europesays.com\/de\/wp-json\/wp\/v2\/media\/503989"}],"wp:attachment":[{"href":"https:\/\/www.europesays.com\/de\/wp-json\/wp\/v2\/media?parent=503988"}],"wp:term":[{"taxonomy":"category","embeddable":true,"href":"https:\/\/www.europesays.com\/de\/wp-json\/wp\/v2\/categories?post=503988"},{"taxonomy":"post_tag","embeddable":true,"href":"https:\/\/www.europesays.com\/de\/wp-json\/wp\/v2\/tags?post=503988"}],"curies":[{"name":"wp","href":"https:\/\/api.w.org\/{rel}","templated":true}]}}