{"id":504000,"date":"2025-10-16T19:58:10","date_gmt":"2025-10-16T19:58:10","guid":{"rendered":"https:\/\/www.europesays.com\/de\/504000\/"},"modified":"2025-10-16T19:58:10","modified_gmt":"2025-10-16T19:58:10","slug":"dankbarkeit-und-trauer-beim-gedenkakt-vor-muenchner-synagoge","status":"publish","type":"post","link":"https:\/\/www.europesays.com\/de\/504000\/","title":{"rendered":"Dankbarkeit und Trauer beim Gedenkakt vor M\u00fcnchner Synagoge"},"content":{"rendered":"<p>Mit feierlichen Kl\u00e4ngen und Ges\u00e4ngen gedachten mehrere Hundert Menschen auf dem M\u00fcnchner St. Jakobsplatz der Heimkehr der letzten lebenden und toten Geiseln. Dabei wurden Buchdeckel mit den Fotos der insgesamt rund 250 von der Terrororganisation Hamas verschleppten Geisel in die H\u00f6he gehalten.<\/p>\n<p>Die beiden israelischen Nationalflaggen, die seit dem \u00dcberfall der Hamas vor zwei Jahren vor der Ohel-Jakob-Synagoge in der M\u00fcnchner Altstadt geweht hatten, wurden am Ende der Zeremonie eingeholt.<\/p>\n<p>Aigner erinnert auch an pal\u00e4stinensische Opfer im Gazastreifen<\/p>\n<p>Bayerns Landtagspr\u00e4sidentin Ilse Aigner bekr\u00e4ftigte die unersch\u00fctterliche Solidarit\u00e4t mit Israel. Sie sei sich sicher, dass die Verschleppten w\u00e4hrend ihres zweij\u00e4hrigen Martyriums &#8222;ihre Liebe und ihre Kraft gesp\u00fcrt&#8220; h\u00e4tten, sagte Aigner laut Redemanuskript. Sie selbst habe in ihren Begegnungen seit dem 7. Oktober 2023 &#8222;ein ganzes Volk, das nicht aufgegeben hat&#8220;, erlebt, betonte Aigner. Das Gl\u00fcck \u00fcber die <a href=\"https:\/\/www.br.de\/nachrichten\/deutschland-welt\/israel-nach-geisel-rueckkehr-im-freudentaumel,UzVfEOu\" target=\"_blank\" rel=\"noopener\">Heimkehr der \u00dcberlebenden<\/a> sei &#8222;unermesslich gro\u00df&#8220;. Zugleich erinnerte die Landtagspr\u00e4sidentin an &#8222;die ermordeten Geiseln, die gefallenen Soldaten&#8220; und die Hinterbliebenen der 1.200 Opfer des Hamas-Massakers: &#8222;Auch sie sind ein Teil von uns &#8211; und wir trauern mit Ihnen.&#8220; Man d\u00fcrfe au\u00dferdem &#8222;die vielen unschuldigen toten Kinder und leidenden Zivilisten&#8220; im Gazastreifen nicht vergessen: &#8222;Wir trauern und wir denken auch an sie&#8220;, sagte Aigner.<\/p>\n<p>Landesbischof Kopp: &#8222;Wir tr\u00e4umen vom Ende von jedem Hass auf andere&#8220;<\/p>\n<p>Landesbischof Kopp sagte laut Redemanuskript, mit der Freilassung der letzten lebenden Geiseln habe eines der schrecklichsten und traumatischsten Terrorattentate und Verbrechen in der Geschichte Israels ein Ende gefunden. &#8222;Wir haben getrauert, wir haben geweint, wir haben gebetet&#8220; in &#8222;gr\u00f6\u00dftm\u00f6glicher Solidarit\u00e4t mit unseren j\u00fcdischen Geschwistern&#8220;, sagte Kopp. &#8222;Wir tr\u00e4umen von sicheren Orten&#8220;, erl\u00e4uterte er, von einem Ende des Antisemitismus, der Muslimfeindlichkeit, der Menschenfeindlichkeit: &#8222;Wir tr\u00e4umen vom Ende von jedem Hass auf andere.&#8220;<\/p>\n<p>Staatskanzleichef Herrmann: &#8222;Wer Juden angreift, greift uns alle an&#8220;<\/p>\n<p>Staatskanzleichef Florian Herrmann kritisierte die Diskussion um eine m\u00f6gliche Ausladung Israels vom ESC scharf. Das klinge wie &#8222;Singt nicht mit Juden&#8220;. Das habe es schon einmal gegeben, &#8222;wir hier gerade in M\u00fcnchen wissen, was war.&#8220; &#8211; &#8222;Wer Juden angreift, greift uns alle an.&#8220; Er hoffe, dass die R\u00fcckkehr der Geiseln der Anfang eines dauerhaften Friedens sei.<\/p>\n<p>Mit Informationen von epd<\/p>\n","protected":false},"excerpt":{"rendered":"Mit feierlichen Kl\u00e4ngen und Ges\u00e4ngen gedachten mehrere Hundert Menschen auf dem M\u00fcnchner St. Jakobsplatz der Heimkehr der letzten&hellip;\n","protected":false},"author":2,"featured_media":504001,"comment_status":"","ping_status":"","sticky":false,"template":"","format":"standard","meta":{"footnotes":""},"categories":[1827],"tags":[772,8955,29,125959,41569,30,125957,411,1268,125958],"class_list":{"0":"post-504000","1":"post","2":"type-post","3":"status-publish","4":"format-standard","5":"has-post-thumbnail","7":"category-muenchen","8":"tag-bayern","9":"tag-befreiung","10":"tag-deutschland","11":"tag-gaza-israel-krieg","12":"tag-geiseln","13":"tag-germany","14":"tag-ilse-aigner","15":"tag-israel","16":"tag-muenchen","17":"tag-ohel-jakob-synagoge"},"share_on_mastodon":{"url":"https:\/\/pubeurope.com\/@de\/115385618727208150","error":""},"_links":{"self":[{"href":"https:\/\/www.europesays.com\/de\/wp-json\/wp\/v2\/posts\/504000","targetHints":{"allow":["GET"]}}],"collection":[{"href":"https:\/\/www.europesays.com\/de\/wp-json\/wp\/v2\/posts"}],"about":[{"href":"https:\/\/www.europesays.com\/de\/wp-json\/wp\/v2\/types\/post"}],"author":[{"embeddable":true,"href":"https:\/\/www.europesays.com\/de\/wp-json\/wp\/v2\/users\/2"}],"replies":[{"embeddable":true,"href":"https:\/\/www.europesays.com\/de\/wp-json\/wp\/v2\/comments?post=504000"}],"version-history":[{"count":0,"href":"https:\/\/www.europesays.com\/de\/wp-json\/wp\/v2\/posts\/504000\/revisions"}],"wp:featuredmedia":[{"embeddable":true,"href":"https:\/\/www.europesays.com\/de\/wp-json\/wp\/v2\/media\/504001"}],"wp:attachment":[{"href":"https:\/\/www.europesays.com\/de\/wp-json\/wp\/v2\/media?parent=504000"}],"wp:term":[{"taxonomy":"category","embeddable":true,"href":"https:\/\/www.europesays.com\/de\/wp-json\/wp\/v2\/categories?post=504000"},{"taxonomy":"post_tag","embeddable":true,"href":"https:\/\/www.europesays.com\/de\/wp-json\/wp\/v2\/tags?post=504000"}],"curies":[{"name":"wp","href":"https:\/\/api.w.org\/{rel}","templated":true}]}}