{"id":504002,"date":"2025-10-16T19:59:11","date_gmt":"2025-10-16T19:59:11","guid":{"rendered":"https:\/\/www.europesays.com\/de\/504002\/"},"modified":"2025-10-16T19:59:11","modified_gmt":"2025-10-16T19:59:11","slug":"saisoneroeffnung-in-muenchen-das-loop-one-festival-im-tv-und-livestream-auf-joyn","status":"publish","type":"post","link":"https:\/\/www.europesays.com\/de\/504002\/","title":{"rendered":"Saisoner\u00f6ffnung in M\u00fcnchen: Das Loop One Festival im TV und Livestream auf Joyn"},"content":{"rendered":"<p class=\"css-1q8kfuz\">Die Biathlon-Saison beginnt mit dem Loop One Festival in M\u00fcnchen. Das Event im Olympiapark wird am 19. Oktober live auf Joyn zu sehen sein. <strong>ran<\/strong> fasst alle wichtigen Infos zusammen.<\/p>\n<p class=\"css-1cmglxz\">Der Startschuss in die Saison ert\u00f6nt f\u00fcr die <a href=\"https:\/\/www.ran.de\/sports\/wintersport\/biathlon\" target=\"_blank\" rel=\"noopener\">Biathlon<\/a>-Stars in diesem Winter etwas fr\u00fcher als gewohnt. Schon gut einen Monat vor dem eigentlichen <a href=\"https:\/\/www.ran.de\/sports\/wintersport\/biathlon\/weltcup-kalender\" target=\"_blank\" rel=\"noopener\">Saisonstart<\/a> in \u00d6stersund (ab 29. November), wartet das Loop One Festival in M\u00fcnchen auf die Athleten.<\/p>\n<p class=\"css-1cmglxz\">Wenngleich hier noch keine Weltcup-Punkte vergeben werden, reisen die Stars der Biathlon-Szene nach M\u00fcnchen, um einen stimmungsvollen Vorgeschmack auf die anstehenden Rennen und einen letzten H\u00e4rtetest zu absolvieren.<\/p>\n<p class=\"css-1cmglxz\">Das zweit\u00e4gige Event beginnt mit den Para- und Jugend-Rennen am Samstag (18. Oktober) und endet mit den Rennen der Elite am Sonntag (19. Oktober).<\/p>\n<p class=\"css-1cmglxz\">Neben Biathlon-Sport auf Top-Niveau soll das Event aber auch mit einem umfangreichen Rahmenprogramm samt Live-Musik und Mitmach-St\u00e4nden punkten. So k\u00f6nnen sich Fans auch selbst bei Teststationen im Biathlon versuchen.<\/p>\n<p class=\"css-1cmglxz\"><strong>ran<\/strong> hat die wichtigsten Informationen zusammengefasst.<\/p>\n<p>Biathlon in M\u00fcnchen: Hier l\u00e4uft das Loop One Festival im TV und Livestream<\/p>\n<p class=\"css-1cmglxz\">Die Hauptrennen des Loop One Festivals werden von der ARD live im Free-TV \u00fcbertragen. Zudem gibt es einen kostenlosen Livestream in der entsprechenden Mediathek und auf Joyn.<\/p>\n<p class=\"css-1cmglxz\">Die Sendung beginnt um 15 Uhr. Das Herren-Rennen startet um 15:30 Uhr, ehe die Damen um 16:15 Uhr an der Reihe sind.<\/p>\n<p class=\"css-1cmglxz\">Zudem besteht die M\u00f6glichkeit, vor Ort mit dabei zu sein. Der Eintritt auf das im Olympiapark gelegene Festival-Gel\u00e4nde ist frei. Informationen f\u00fcr den Erwerb von Tickets f\u00fcr die Zuschauerbereiche um den Schie\u00dfstand gibt es <a href=\"https:\/\/tickets.looponefestival.com\/shop?shopid=147&amp;wes=0eb7e979147&amp;query_pos=0&amp;query_rows=1000&amp;set_query_pos=0&amp;houseid=yXyXyU0VZZQ==zXzXz&amp;performanceid=yXyXyVDBFYmV3PT0=zXzXz&amp;state=3&amp;nextstate=4\" target=\"_blank\" rel=\"noopener\">hier<\/a>.<\/p>\n<p>Biathlon in M\u00fcnchen: Wer ist beim City-Event dabei?<\/p>\n<p class=\"css-1cmglxz\">Am Sonntag treten jeweils 60 Damen und Herren im Profi-Rennen an. F\u00fcr Deutschland sind\u00a0Marlene Fichtner, Selina Grotian und Janina Hettich-Walz bei den Damen sowie\u00a0Philipp Nawrath, Roman Rees, Lucas Fratzscher und Justus Strelow bei den Herren am Start.<\/p>\n<p class=\"css-1cmglxz\">Eigentlich wollte auch Franziska Preu\u00df am Event teilnehmen, jedoch muss sie aufgrund einer noch nicht ganz verheilten <a href=\"https:\/\/www.ran.de\/sports\/mehr\/news\/nach-dm-sturz-hand-op-bei-franziska-preuss-594399\" target=\"_blank\" rel=\"noopener\">Handverletzung<\/a> auf den Start verzichten.<\/p>\n<p class=\"css-1cmglxz\">&#8222;Ich hatte mich wirklich darauf gefreut, weil ich sicher bin, dass die Atmosph\u00e4re im Olympiapark einzigartig sein wird. Der Wettkampf kommt f\u00fcr mich leider noch zwei Wochen zu fr\u00fch, um wieder mit vollem Einsatz an der Startlinie stehen zu k\u00f6nnen&#8220;, erkl\u00e4rte die amtierende Weltcup-Gesamtsiegerin ihre Absage. Ansonsten sei sie mit ihrer Vorbereitung &#8222;sehr zufrieden&#8220;.<\/p>\n<p class=\"css-1cmglxz\">Aus der internationalen Weltelite sind ebenfalls fast alle Athleten vertreten. Hierzu geh\u00f6ren Lou Jeanmonnot und Eric Perrot aus Frankreich, Sturla Holm Laegreid und Ingrid Landmark Tandrevold aus Norwegen sowie die Italienerinnen Lisa Vittozzi und Dorothea Wierer.<\/p>\n<p class=\"css-1cmglxz\">Bereits am Samstagvormittag treten die besten Para-Biathleten an. Am Nachmittag sind die Jugend-Athleten an der Reihe.<\/p>\n<p>Biathlon &#8211; Loop One Festival: Der Modus<\/p>\n<p class=\"css-1cmglxz\">F\u00fcr die je 60 Damen und Herren geht es zun\u00e4chst in der Qualifikation darum, sich eines der je 15 Finaltickets zu sichern.<\/p>\n<p class=\"css-1cmglxz\">In vier Vorl\u00e4ufen mit jeweils 15 Athleten qualifizieren sich die drei besten Sportler jedes Laufs sowie drei Zeitschnellste f\u00fcr den Final-Bewerb. In der Qualifikation m\u00fcssen drei Runden um den Olympiasee a 1,8 Kilometer absolviert werden. Geschossen wird einmal im Stehend- und einmal im Liegendanschlag. Jeder Fehler f\u00fchrt zu einer Strafrunde von 60 Metern.<\/p>\n<p class=\"css-1cmglxz\">In den Finals werden dann f\u00fcnf Runden a 1,8 Kilometer absolviert, weshalb auch je zweimal im Stehend- und Liegendanschlag geschossen wird. Erneut ist die Strafrunde 60 Meter lang.<\/p>\n<p class=\"css-1cmglxz\">Die Rennen werden allesamt als Massenstart und auf Skirollern absolviert.<\/p>\n<p>Biathlon in M\u00fcnchen: Der Zeitplan<\/p>\n<p class=\"css-1cmglxz\"><strong>Samstag, den 18.10.2025<\/strong><\/p>\n<p class=\"css-1cmglxz\">10.00 Uhr: Er\u00f6ffnung des Festivalgel\u00e4ndes bei freiem Eintritt<br \/>11.00 Uhr: Biathlon f\u00fcr Alle<br \/>11.30 Uhr: Para-Biathlon<br \/>16.00 Uhr: Jugend Biathlon<br \/>17.00 Uhr: Siegerehrung Para- und Jugend-Biathlon<br \/>18.00 Uhr: Live Music mit Kamrad<\/p>\n<p class=\"css-1cmglxz\"><strong>Sonntag, den 19.10.2025<\/strong><\/p>\n<p class=\"css-1cmglxz\">10.00 Uhr: Einlass<br \/>11.00 Uhr: Qualifikationsl\u00e4ufe in jeweils vier Heats<br \/>11.00 Uhr \u2013 12.00 Uhr: Herren<br \/>12.00 Uhr \u2013 13.00 Uhr: Herren<br \/>15.30 Uhr: Super-Sprint Finale Herren<br \/>16.15 Uhr: Super-Sprint Finale Damen<br \/>17.00 Uhr: Siegerehrung<\/p>\n","protected":false},"excerpt":{"rendered":"Die Biathlon-Saison beginnt mit dem Loop One Festival in M\u00fcnchen. Das Event im Olympiapark wird am 19. Oktober&hellip;\n","protected":false},"author":2,"featured_media":504003,"comment_status":"","ping_status":"","sticky":false,"template":"","format":"standard","meta":{"footnotes":""},"categories":[1827],"tags":[772,862,29,30,9901,9150,125960,1268,70682,684,9149],"class_list":{"0":"post-504002","1":"post","2":"type-post","3":"status-publish","4":"format-standard","5":"has-post-thumbnail","7":"category-muenchen","8":"tag-bayern","9":"tag-biathlon","10":"tag-deutschland","11":"tag-germany","12":"tag-joyn","13":"tag-livestream","14":"tag-loop-one-festival","15":"tag-muenchen","16":"tag-saisoneroeffnung","17":"tag-tv","18":"tag-uebertragung"},"share_on_mastodon":{"url":"https:\/\/pubeurope.com\/@de\/115385621848856016","error":""},"_links":{"self":[{"href":"https:\/\/www.europesays.com\/de\/wp-json\/wp\/v2\/posts\/504002","targetHints":{"allow":["GET"]}}],"collection":[{"href":"https:\/\/www.europesays.com\/de\/wp-json\/wp\/v2\/posts"}],"about":[{"href":"https:\/\/www.europesays.com\/de\/wp-json\/wp\/v2\/types\/post"}],"author":[{"embeddable":true,"href":"https:\/\/www.europesays.com\/de\/wp-json\/wp\/v2\/users\/2"}],"replies":[{"embeddable":true,"href":"https:\/\/www.europesays.com\/de\/wp-json\/wp\/v2\/comments?post=504002"}],"version-history":[{"count":0,"href":"https:\/\/www.europesays.com\/de\/wp-json\/wp\/v2\/posts\/504002\/revisions"}],"wp:featuredmedia":[{"embeddable":true,"href":"https:\/\/www.europesays.com\/de\/wp-json\/wp\/v2\/media\/504003"}],"wp:attachment":[{"href":"https:\/\/www.europesays.com\/de\/wp-json\/wp\/v2\/media?parent=504002"}],"wp:term":[{"taxonomy":"category","embeddable":true,"href":"https:\/\/www.europesays.com\/de\/wp-json\/wp\/v2\/categories?post=504002"},{"taxonomy":"post_tag","embeddable":true,"href":"https:\/\/www.europesays.com\/de\/wp-json\/wp\/v2\/tags?post=504002"}],"curies":[{"name":"wp","href":"https:\/\/api.w.org\/{rel}","templated":true}]}}