{"id":504006,"date":"2025-10-16T20:01:12","date_gmt":"2025-10-16T20:01:12","guid":{"rendered":"https:\/\/www.europesays.com\/de\/504006\/"},"modified":"2025-10-16T20:01:12","modified_gmt":"2025-10-16T20:01:12","slug":"neubau-in-hamburg-geplant-millionen-toilette-wird-nach-drei-monaten-zugeschuettet","status":"publish","type":"post","link":"https:\/\/www.europesays.com\/de\/504006\/","title":{"rendered":"Neubau in Hamburg geplant: Millionen-Toilette wird nach drei Monaten zugesch\u00fcttet"},"content":{"rendered":"<p>                    Neubau in Hamburg geplant<br \/>\n                Millionen-Toilette wird nach drei Monaten zugesch\u00fcttet<\/p>\n<p>\t\t\t\t              16.10.2025, 21:36 Uhr<\/p>\n<p>\t\t\t\t\t       Artikel anh\u00f6ren<\/p>\n<p>\t\t\t\t\t\t\tDiese Audioversion wurde k\u00fcnstlich generiert. <a href=\"https:\/\/www.n-tv.de\/23249898\" target=\"_blank\" rel=\"noopener\">Mehr Infos<\/a><\/p>\n<p><strong>In Hamburg wird eine \u00f6ffentliche Toilette f\u00fcr zwei Millionen Euro saniert. Nach drei Monaten tritt ein Wasserschaden auf. Das stille \u00d6rtchen wird gesperrt und erneut saniert &#8211; zumindest eine Zeit lang: Jetzt werden die Arbeiten beendet und das WC geschlossen.<\/strong><\/p>\n<p>Nach viel Wirbel um die teure unterirdische Toilette an der Einkaufsmeile M\u00f6nckebergstra\u00dfe ist eine Entscheidung gefallen: Sie wird zugesch\u00fcttet. &#8222;Die Bauarbeiten an der unterirdischen Toilettenanlage am Gerhart-Hauptmann-Platz werden nicht fortgef\u00fchrt&#8220;, teilten Umweltbeh\u00f6rde und Stadtreinigung mit. &#8222;Wesentliche Gr\u00fcnde sind erhebliche Anforderungen an die Baulogistik sowie widrige Umst\u00e4nde im gesamten Baufeld.&#8220;<\/p>\n<p>Daher soll den Angaben zufolge der bereits entkernte unterirdische Bereich kurzfristig verf\u00fcllt und &#8211; etwa f\u00fcr den Weihnachtsmarkt &#8211; wieder zur Verf\u00fcgung stehen. Langfristig solle eine oberirdische &#8222;Toilette f\u00fcr alle&#8220; realisiert werden.<\/p>\n<p>&#8222;Hamburgs teuerstes Klo wird zugesch\u00fcttet!&#8220;, kritisierte der Steuerzahlerbund in der Hansestadt. &#8222;Dieser Senat schafft es nicht einmal, eine \u00f6ffentliche Toilette funktionsf\u00e4hig zu halten.&#8220; Es m\u00fcsse aufgekl\u00e4rt werden, wie dieses Projekt derart gegen die Wand gefahren werden habe k\u00f6nnen.<\/p>\n<p>Die Toilette vom Gerhart-Hauptmann-Platz hatte es bereits 2024 ins Schwarzbuch geschafft. Darin dokumentiert der Bund der Steuerzahler jedes Jahr aus seiner Sicht bundesweit F\u00e4lle von Steuergeldverschwendung. Der Steuerzahlerbund monierte damals, Hamburg habe die unterirdische \u00f6ffentliche Toilette ein gutes Jahr lang f\u00fcr rund zwei Millionen Euro sanieren lassen. Doch nach nur rund drei Monaten Betrieb habe die Toilette Anfang 2024 wegen eines Wasserschadens gesperrt werden m\u00fcssen.<\/p>\n<p>&#8222;Es wurde im Nachhinein festgestellt, dass die Bauausf\u00fchrung von der beauftragten Firma nicht fachgerecht durchgef\u00fchrt wurde, sodass die Stadtreinigung Hamburg jetzt Regressanspr\u00fcche pr\u00fcft&#8220;, teilten Stadtreinigung und Umweltbeh\u00f6rde nun mit.<\/p>\n","protected":false},"excerpt":{"rendered":"Neubau in Hamburg geplant Millionen-Toilette wird nach drei Monaten zugesch\u00fcttet 16.10.2025, 21:36 Uhr Artikel anh\u00f6ren Diese Audioversion wurde&hellip;\n","protected":false},"author":2,"featured_media":504007,"comment_status":"","ping_status":"","sticky":false,"template":"","format":"standard","meta":{"footnotes":""},"categories":[1826],"tags":[28125,29,30,692,984,118388],"class_list":{"0":"post-504006","1":"post","2":"type-post","3":"status-publish","4":"format-standard","5":"has-post-thumbnail","7":"category-hamburg","8":"tag-bund-der-steuerzahler","9":"tag-deutschland","10":"tag-germany","11":"tag-hamburg","12":"tag-international","13":"tag-steuerverschwendung"},"share_on_mastodon":{"url":"https:\/\/pubeurope.com\/@de\/115385630074528746","error":""},"_links":{"self":[{"href":"https:\/\/www.europesays.com\/de\/wp-json\/wp\/v2\/posts\/504006","targetHints":{"allow":["GET"]}}],"collection":[{"href":"https:\/\/www.europesays.com\/de\/wp-json\/wp\/v2\/posts"}],"about":[{"href":"https:\/\/www.europesays.com\/de\/wp-json\/wp\/v2\/types\/post"}],"author":[{"embeddable":true,"href":"https:\/\/www.europesays.com\/de\/wp-json\/wp\/v2\/users\/2"}],"replies":[{"embeddable":true,"href":"https:\/\/www.europesays.com\/de\/wp-json\/wp\/v2\/comments?post=504006"}],"version-history":[{"count":0,"href":"https:\/\/www.europesays.com\/de\/wp-json\/wp\/v2\/posts\/504006\/revisions"}],"wp:featuredmedia":[{"embeddable":true,"href":"https:\/\/www.europesays.com\/de\/wp-json\/wp\/v2\/media\/504007"}],"wp:attachment":[{"href":"https:\/\/www.europesays.com\/de\/wp-json\/wp\/v2\/media?parent=504006"}],"wp:term":[{"taxonomy":"category","embeddable":true,"href":"https:\/\/www.europesays.com\/de\/wp-json\/wp\/v2\/categories?post=504006"},{"taxonomy":"post_tag","embeddable":true,"href":"https:\/\/www.europesays.com\/de\/wp-json\/wp\/v2\/tags?post=504006"}],"curies":[{"name":"wp","href":"https:\/\/api.w.org\/{rel}","templated":true}]}}