{"id":504021,"date":"2025-10-16T20:09:20","date_gmt":"2025-10-16T20:09:20","guid":{"rendered":"https:\/\/www.europesays.com\/de\/504021\/"},"modified":"2025-10-16T20:09:20","modified_gmt":"2025-10-16T20:09:20","slug":"architektur-haeuser-des-jahres-grosse-ehre-stuttgarter-architekten-bauen-eines-der-50-besten-einfamilienhaeuser","status":"publish","type":"post","link":"https:\/\/www.europesays.com\/de\/504021\/","title":{"rendered":"Architektur \u201eH\u00e4user des Jahres\u201c: Gro\u00dfe Ehre \u2013 Stuttgarter Architekten bauen eines der 50 besten Einfamilienh\u00e4user"},"content":{"rendered":"<p>Das Einfamilienhaus ist tot \u2013 es lebe das Einfamilienhaus! Trotz hoher Wohn- und Energiekosten, steigender Zinsen und einer im Grunde <a href=\"https:\/\/www.stuttgarter-zeitung.de\/inhalt.nachhaltige-architektur-so-funktioniert-das-bauen-mit-gutem-gewissen.d383c6f7-3c3e-49f5-af87-2c0c2f6fd871.html\" target=\"_blank\" rel=\"noopener\">nicht mehr zeitgem\u00e4\u00dfen Energiebilanz <\/a>bleibt bei vielen der Wunsch nach einem eigenen <a href=\"https:\/\/www.stuttgarter-zeitung.de\/thema\/Haus\" title=\"Haus\" class=\"art_thema\" target=\"_blank\" rel=\"noopener\">Haus<\/a> bestehen. Wegen seines hohen Fl\u00e4chenverbrauchs und <a href=\"https:\/\/www.stuttgarter-zeitung.de\/inhalt.klimaschutz-in-baden-wuerttemberg-verdammter-zement-heiliger-zement.62e43210-0779-465c-9fdc-891dec057590.html\" target=\"_blank\" rel=\"noopener\">relativ hohem Pro-Kopf-Aussto\u00df von CO2 beim Bau <\/a>und in der Folge bei der Nutzung wird das neu errichtete Einfamiliendomizil selbst von politischer Seite nicht selten Fall ignoriert, je nach Parteifarbe sogar diskreditiert. <\/p>\n<p>Selbst Verbote von privaten Neubauten wurden angesichts des Klimawandels schon diskutiert. In der Praxis wird allerdings dieses Thema weniger polemisch behandelt, werden von den St\u00e4dten und Gemeinden kreative L\u00f6sungen bei den Genehmigungen von privaten Neubauten angeboten. <\/p>\n<p>Einfamilienhaus weiterhin begehrt <\/p>\n<p>Das Spektrum reicht von klassischen Villen und Fertigh\u00e4usern \u00fcber Nullenergieh\u00e4user, <a href=\"https:\/\/www.stuttgarter-zeitung.de\/inhalt.schoen-wohnen-in-der-stuttgarter-innenstadt-haeuschen-mit-gruen-in-der-innenstadt.f6ce1e6f-a8fd-43f7-b08f-79b99473566d.html\" target=\"_blank\" rel=\"noopener\">Umwidmungen und Erweiterungen <\/a>bis hin zu Nachverdichtungen auf Restgrundfl\u00e4chen in d\u00f6rflichen wie auch urbanen R\u00e4umen. Der gro\u00dfen Sehnsucht der Bundesb\u00fcrger nach ihrer eigenen Immobilie haben auch diese teils hochpolemisch gef\u00fchrten Debatten um eine Zukunft des Einfamilienhauses nichts anhaben k\u00f6nnen, im Gegenteil. In der aktuellen repr\u00e4sentativen \u201eWohntraumstudie 2025\u201c von Interhyp wurden 1500 Menschen nach ihren Vorlieben hinsichtlich ihrer Wohnsituation befragt. <\/p>\n<p>W\u00e4hrend das frei stehende Einfamilienhaus mit 54 Prozent (Minus 2 Prozent im Vergleich zu 2024) weiterhin an der Spitze steht, gewinnen pragmatischere Wohnformen wie die Doppelhaush\u00e4lfte (Plus 3 Prozent im Vergleich zu 2024) oder Wohnungen in Mehrfamilienh\u00e4usern (Plus 5 Prozent) an Bedeutung. Doch eines wird trotz der vielen Krisen und der sp\u00fcrbaren Vorsicht in allen Lebenslagen deutlich: Die Mehrheit der Menschen sehnt sich weiterhin nach einem frei stehenden Haus.<\/p>\n<p>Zwei H\u00e4user teilen sich einen W\u00e4rmespeicher   <\/p>\n<p>Umso spannender ist die Frage, wie Bauherrschaften und Architekturb\u00fcros auf diese Anspr\u00fcche und Problemlagen reagieren. Einen guten \u00dcberblick \u00fcber die Trends bei der Realisierung ambitionierter Hausprojekte im deutschsprachigen Raum liefert der Wettbewerb \u201eH\u00e4user des Jahres\u201c, der j\u00e4hrlich vom Callwey Verlag in M\u00fcnchen ausgelobt wird. <\/p>\n<p>Auch in diesem Jahr war es wieder soweit: 50 H\u00e4user in Deutschland, \u00d6sterreich und in der Schweiz haben die prominent besetzte Jury davon \u00fcberzeugt, sie zu den besten Einfamilienh\u00e4usern 2025 zu k\u00fcren, darunter eines mit einem ersten Preis, sechs mit einer Anerkennung. 50 weitere wurden in die Longlist aufgenommen. Ein Buch versammelt alle Gewinner.<\/p>\n<p>B\u00fcros aus <a href=\"https:\/\/www.stuttgarter-zeitung.de\/thema\/Stuttgart\" title=\"Stuttgart\" class=\"art_thema\" target=\"_blank\" rel=\"noopener\">Stuttgart<\/a> und Ludwigsburg erfolgreich <\/p>\n<p>Unter den genannten 50 pr\u00e4mierten Einfamilienh\u00e4usern sind auch zwei Projekte bekannter Architekturb\u00fcros aus Stuttgart und Ludwigsburg. <a href=\"https:\/\/www.stuttgarter-zeitung.de\/inhalt.schoener-und-nachhaltiger-wohnen-in-stuttgart-das-schwarze-holzhaus.50ad87c5-bba2-4fd2-b09d-6f1ff6ede10d.html\" target=\"_blank\" rel=\"noopener\">Heinemeyer Beck Architekten aus Stuttgart <\/a>haben das Wohnhaus M in Beuren in Massivholzbauweise errichtet. Das Haus bietet Wohnraum f\u00fcr zwei Erwachsene und ein Kind.<\/p>\n<p>Abgesehen davon, dass der Bau formal \u00fcberzeugt, ist das Energiekonzept von Bedeutung: die Garage ist n\u00e4mlich mit dem Nachbargeb\u00e4ude verbunden, in dem ein gro\u00dfer W\u00e4rmespeicher steht. Beide H\u00e4user <a href=\"https:\/\/www.stuttgarter-zeitung.de\/inhalt.verzoegerungen-bei-stromzaehlern-aerger-ueber-stuttgart-netze-bei-solar-linke-hand-weiss-nicht-was-rechte-tut.02ca1cd8-9e86-4e2a-b706-2170f92deb54.html\" target=\"_blank\" rel=\"noopener\">k\u00f6nnen also nachhaltig \u00fcber Photovoltaikanlagen <\/a>geheizt werden. Die Verwendung von nachwachsenden Rohstoffen tr\u00e4gt ebenfalls zu einem \u00f6kologischen Gesamtkonzept des Hauses bei. <\/p>\n<p> Umgebautes Gew\u00e4chshaus in Tamm   <img decoding=\"async\" loading=\"lazy\" src=\"https:\/\/www.europesays.com\/de\/wp-content\/uploads\/2025\/10\/media.media.f4b5acea-b984-4f02-aee5-3938ca94a912.original1024.media.jpeg\"\/>     Das Buch zum Wettbewerb \u201eH\u00e4user des Jahres\u201c ist beim Callwey Verlag in M\u00fcnchen erschienen, ist 320 Seiten lang und kostet 59,90 Euro.    Foto: Callwey    <\/p>\n<p>Der Ludwigsburger <a href=\"https:\/\/www.stuttgarter-zeitung.de\/inhalt.luftig-wohnen-in-der-region-stuttgart-erst-gewaechshaus-jetzt-lichtheller-wohntraum-fuer-eine-familie.06fc8c70-5a4e-4a50-81d9-3b6e969bd987.html\" target=\"_blank\" rel=\"noopener\">Architekt Harald Jahnke hat wiederum ein Gew\u00e4chshaus in Tamm bei Ludwigsburg<\/a> in einen gro\u00dfz\u00fcgigen Wohntraum verwandelt. Dabei ging es um eine kreative Neuinterpretation vorhandener Strukturen. In Tamm betrieb eine Familie lange Zeit eine G\u00e4rtnerei mit einigen Gew\u00e4chsh\u00e4usern. <\/p>\n<p>Heute wohnt die Enkel- und Urenkelgeneration dort und wollte dieses Erbe umwidmen. Jahnke <a href=\"https:\/\/www.stuttgarter-zeitung.de\/thema\/Architektur\" title=\"Architektur\" class=\"art_thema\" target=\"_blank\" rel=\"noopener\">Architektur<\/a> lie\u00df sich von den Gegebenheiten der Natur inspirieren und integrierte das neue Wohnhaus in die Geometrie der vorhandenen Gew\u00e4chsh\u00e4user.<\/p>\n<p>In Stuttgart findet sich ein interessantes Flachdachgeb\u00e4ude f\u00fcr eine k\u00fcnstlerisch ambitionierte Bauherrschaft, das die Architektin Anna Philipp von Philipp Architekten mit Sitz in Waldenburg und Frankfurt gestaltet hat.<\/p>\n<p>Gewonnen hat die aktuelle Runde allerdings ein Doppelhaus in Feldkirchen, einer Gemeinde im Landkreis M\u00fcnchen. Entworfen wurde das Haus von Kuntscher Tscherning Architekten und Stadtplaner (M\u00fcnchen) in Zusammenarbeit mit Ens\u00f8mble Studio Architektur (Berlin). <\/p>\n<p>Der scheunenartige Holzbau ist f\u00fcr bis zu sechs Menschen konzipiert. Auf den rund 230 Quadratmetern Wohnfl\u00e4che macht das nur knapp 40 Quadratmeter pro Kopf, womit man unterhalb des deutschen Durchschnitts liegt. <\/p>\n<p> Ausgezeichnete H\u00e4user in Baden-W\u00fcrttemberg <\/p>\n<ul>\n<li>Flachdachvilla in Stuttgart von Philipp Architekten<\/li>\n<li>Schmales Haus in Kirchheim unter Teck von <a href=\"https:\/\/www.stuttgarter-zeitung.de\/inhalt.wohnen-in-kirchheim-unter-teck-ein-luftiges-haus-fuer-eine-junge-familie.14bc3e31-04d2-4620-a279-249da22a558b.html\" target=\"_blank\" rel=\"noopener\">Mehr*Architekten<\/a> <\/li>\n<li>Doppelscheune in T\u00fcbingen von KO\/OK Architektur<\/li>\n<li>Umgebautes Gew\u00e4chshaus in Tamm von Jahnke Architektur<\/li>\n<li>Haus in Beuren von heinemeyerbeck Architekten<\/li>\n<li> <a href=\"https:\/\/www.stuttgarter-zeitung.de\/inhalt.schoener-wohnen-in-biberach-radikal-reduziertes-traumhaus-in-historischem-ambiente.84bf33fa-9d1b-461b-b2c6-a24addc1f97e.html\" target=\"_blank\" rel=\"noopener\">Leichtbetonhaus in Biberach von Architekten am Weinberg<\/a> <\/li>\n<li>Haus in Heidelberg von Simon Kochhan zusammen mit Florian Baller<\/li>\n<li>Haus in Neuenstein von Steinbach Schimmel Architekten<\/li>\n<\/ul>\n<p>Insgesamt wird durch den Wettbewerb tats\u00e4chlich eine interessante Auswahl an L\u00f6sungsans\u00e4tzen pr\u00e4sentiert. Ob aus Beton oder Holz, aufgest\u00e4ndert oder unterkellert, Bungalow oder mehrgeschossige Wohnbauten, am Hang, am Wasser, in der Stadt <a href=\"https:\/\/www.stuttgarter-zeitung.de\/inhalt.eindrucksvolle-architektur-in-der-natur-der-traum-vom-haus-im-gruenen.23dbd7d4-c331-4c73-b0d2-c30795d866cd.html\" target=\"_blank\" rel=\"noopener\">oder umgeben von viel Gr\u00fcn<\/a>: Diese H\u00e4user des Jahres sind nicht nur in ihren Dimensionen unterschiedlich, sondern auch in Material, Form und Lage.<\/p>\n<p>Es sind hochpreisige darunter und kosteng\u00fcnstige, <a href=\"https:\/\/www.stuttgarter-zeitung.de\/inhalt.photovoltaik-anmelden-in-stuttgart-stau-beim-solaranlagen-anschluss-so-reagiert-der-netzbetreiber.bab9c7e0-e4b6-4386-9738-28e7bbb7c898.html\" target=\"_blank\" rel=\"noopener\">mal sorgt Technik f\u00fcr Energieeffizienz<\/a>, mal das Material und die Konstruktion. In diesem Jahr wurden au\u00dferdem einige Vorhaben ausgezeichnet, die alte Scheunen oder Bauten von innen modernisieren, w\u00e4hrend das \u00c4u\u00dfere das Alter oder den Originalnutzen des Geb\u00e4udes zeigt. Der Traum vom Einfamilienhaus ist noch lange nicht ausgetr\u00e4umt.<\/p>\n<p> <b>Weitere Bilder der ausgezeichneten Projekte auch aus der Region Stuttgart finden sich in der Bildergalerie. <\/b> <\/p>\n","protected":false},"excerpt":{"rendered":"Das Einfamilienhaus ist tot \u2013 es lebe das Einfamilienhaus! Trotz hoher Wohn- und Energiekosten, steigender Zinsen und einer&hellip;\n","protected":false},"author":2,"featured_media":504022,"comment_status":"","ping_status":"","sticky":false,"template":"","format":"standard","meta":{"footnotes":""},"categories":[1775],"tags":[2250,1793,3681,7600,29,7599,214,30,5213,125961,80,1794,1441,215],"class_list":{"0":"post-504021","1":"post","2":"type-post","3":"status-publish","4":"format-standard","5":"has-post-thumbnail","7":"category-kunst-und-design","8":"tag-architektur","9":"tag-art-and-design","10":"tag-auszeichnung","11":"tag-bauen","12":"tag-deutschland","13":"tag-einfamilienhaus","14":"tag-entertainment","15":"tag-germany","16":"tag-haus","17":"tag-haeuser-des-jahres","18":"tag-kultur","19":"tag-kunst-und-design","20":"tag-stuttgart","21":"tag-unterhaltung"},"share_on_mastodon":{"url":"https:\/\/pubeurope.com\/@de\/115385661198252430","error":""},"_links":{"self":[{"href":"https:\/\/www.europesays.com\/de\/wp-json\/wp\/v2\/posts\/504021","targetHints":{"allow":["GET"]}}],"collection":[{"href":"https:\/\/www.europesays.com\/de\/wp-json\/wp\/v2\/posts"}],"about":[{"href":"https:\/\/www.europesays.com\/de\/wp-json\/wp\/v2\/types\/post"}],"author":[{"embeddable":true,"href":"https:\/\/www.europesays.com\/de\/wp-json\/wp\/v2\/users\/2"}],"replies":[{"embeddable":true,"href":"https:\/\/www.europesays.com\/de\/wp-json\/wp\/v2\/comments?post=504021"}],"version-history":[{"count":0,"href":"https:\/\/www.europesays.com\/de\/wp-json\/wp\/v2\/posts\/504021\/revisions"}],"wp:featuredmedia":[{"embeddable":true,"href":"https:\/\/www.europesays.com\/de\/wp-json\/wp\/v2\/media\/504022"}],"wp:attachment":[{"href":"https:\/\/www.europesays.com\/de\/wp-json\/wp\/v2\/media?parent=504021"}],"wp:term":[{"taxonomy":"category","embeddable":true,"href":"https:\/\/www.europesays.com\/de\/wp-json\/wp\/v2\/categories?post=504021"},{"taxonomy":"post_tag","embeddable":true,"href":"https:\/\/www.europesays.com\/de\/wp-json\/wp\/v2\/tags?post=504021"}],"curies":[{"name":"wp","href":"https:\/\/api.w.org\/{rel}","templated":true}]}}