{"id":504049,"date":"2025-10-16T20:26:12","date_gmt":"2025-10-16T20:26:12","guid":{"rendered":"https:\/\/www.europesays.com\/de\/504049\/"},"modified":"2025-10-16T20:26:12","modified_gmt":"2025-10-16T20:26:12","slug":"erst-haushalt-in-kiel-dann-wahl-christian-zierau-wird-bezirksamtsleiter","status":"publish","type":"post","link":"https:\/\/www.europesays.com\/de\/504049\/","title":{"rendered":"Erst Haushalt in Kiel, dann Wahl: Christian Zierau wird Bezirksamtsleiter"},"content":{"rendered":"<p>Kritik an Abwesenheit<\/p>\n<p>Erst Haushalt in Kiel, dann Wahl in Hamburg: Christian Zierau wird Bezirksamtsleiter<\/p>\n<p class=\"Textstyled__Text-sc-1cqv9mi-0 cLyiiX ArticleHeadstyled__ArticleSubHeadline-sc-tdzyy5-11 fXdZot\">Kiels K\u00e4mmerer Christian Zierau erhielt am Donnerstagabend das Vertrauen der Bezirksversammlung im Hamburger Stadtteil Eimsb\u00fcttel, wo er ab 2026 Bezirksamtsleiter werden will. Dass er wegen der Wahl Teile der Haushaltsdebatte in Kiel verpasste, sorgte f\u00fcr Kritik.<\/p>\n<p class=\"Textstyled__Text-sc-1cqv9mi-0 cLyiiX\">Kiel. Kiels K\u00e4mmerer Christian Zierau (parteilos) ist am Donnerstagabend zum Bezirksamtsleiter in Hamburg-Eimsb\u00fcttel gew\u00e4hlt worden. Der aktuelle Dezernent f\u00fcr Finanzen, Personal, Ordnung und Feuerwehr der Stadt Kiel erhielt das Vertrauen der dortigen Bezirksversammlung. Jetzt muss nur noch der Hamburger Senat die Wahl best\u00e4tigen. Das gilt jedoch als Formsache.<\/p>\n<p>Weiterlesen nach der Anzeige<\/p>\n<p>Weiterlesen nach der Anzeige<\/p>\n<p class=\"Textstyled__Text-sc-1cqv9mi-0 cLyiiX\">Damit steht so gut wie fest, dass <a href=\"https:\/\/www.kn-online.de\/lokales\/kiel\/dezernent-christian-zierau-verlaesst-kiel-und-geht-nach-hamburg-6W2PDBR3KRA45PIF42DXP6VPXM.html\" target=\"_blank\" rel=\"noreferrer nofollow noopener\" title=\"https:\/\/www.kn-online.de\/lokales\/kiel\/dezernent-christian-zierau-verlaesst-kiel-und-geht-nach-hamburg-6W2PDBR3KRA45PIF42DXP6VPXM.html\" data-vars-event-category=\"intext_link\" data-vars-event-action=\"click\" data-vars-event-label=\"https:\/\/www.kn-online.de\/lokales\/kiel\/dezernent-christian-zierau-verlaesst-kiel-und-geht-nach-hamburg-6W2PDBR3KRA45PIF42DXP6VPXM.html\">Zierau zum Ende des Jahres Kiel verlassen wird<\/a> \u2013 und das mitten in einer der schwierigsten Finanzlagen der Stadt seit Jahren. In Eimsb\u00fcttel wird der Diplom-Verwaltungswirt f\u00fcr rund 280.000 Einwohner zust\u00e4ndig sein, also rund 30.000 mehr als die gesamte Stadt Kiel.<\/p>\n<p class=\"Textstyled__Text-sc-1cqv9mi-0 cLyiiX\">F\u00fcr <a href=\"https:\/\/www.kn-online.de\/lokales\/kiel\/\" target=\"_blank\" rel=\"noreferrer nofollow noopener\" title=\"https:\/\/www.kn-online.de\/lokales\/kiel\/\" data-vars-event-category=\"intext_link\" data-vars-event-action=\"click\" data-vars-event-label=\"https:\/\/www.kn-online.de\/lokales\/kiel\/\">Kiel<\/a> kommt Zieraus Weggang in einer schwierigen Phase. Die Verwaltung der Landeshauptstadt steht vor einem enormen Umbruch auf der F\u00fchrungsebene: Nicht nur der K\u00e4mmerer, sondern auch Oberb\u00fcrgermeister Ulf K\u00e4mpfer (SPD) und seine Stellvertreterin, B\u00fcrgermeisterin und Bildungsdezernentin Renate Treutel (Gr\u00fcne), verlassen das Rathaus in wenigen Monaten.<\/p>\n<p>Christian Zierau will bis zum Schluss \u201ealles f\u00fcr Kiel geben\u201c<\/p>\n<p class=\"Textstyled__Text-sc-1cqv9mi-0 cLyiiX\">Dezernent Zierau betonte bereits nach seiner Nominierung, sich dar\u00fcber bewusst zu sein, dass auch in Kiel noch viel zu tun ist. In seinem Brief an die Ratsversammlung versicherte er Ende September, dass er \u201ebis zu seinem letzten Tag alles f\u00fcr Kiel geben werde\u201c.<\/p>\n<p>Weiterlesen nach der Anzeige<\/p>\n<p>Weiterlesen nach der Anzeige<\/p>\n<p class=\"Textstyled__Text-sc-1cqv9mi-0 cLyiiX\">Dazu geh\u00f6re es etwa, den Haushalt wieder \u201eflott\u201c zu kriegen und als Wahlleiter die Oberb\u00fcrgermeisterwahl am 16. November sowie die m\u00f6gliche Stichwahl am 7. Dezember zu verantworten.<\/p>\n<p class=\"Textstyled__Text-sc-1cqv9mi-0 cLyiiX\">Die wichtige Haushaltsberatung in der Ratsversammlung hat Zierau wegen seiner Wahl allerdings teilweise verpasst. Das stie\u00df auf Kritik: Antonia Grage, stellvertretende Fraktionsvorsitzende der Kieler CDU, bezeichnete seine Abwesenheit als \u201eFrechheit\u201c: \u201eIch erwarte, dass er hier ist, wenn \u00fcber seinen Haushaltsvorschlag debattiert wird, und reagieren kann.\u201c<\/p>\n<p class=\"Editorialstyled__Editorial-sc-1bfvh9l-0 cSmjnJ\">KN<\/p>\n","protected":false},"excerpt":{"rendered":"Kritik an Abwesenheit Erst Haushalt in Kiel, dann Wahl in Hamburg: Christian Zierau wird Bezirksamtsleiter Kiels K\u00e4mmerer Christian&hellip;\n","protected":false},"author":2,"featured_media":504050,"comment_status":"","ping_status":"","sticky":false,"template":"","format":"standard","meta":{"footnotes":""},"categories":[1852],"tags":[3364,29,548,663,3934,30,13,4949,14,15,12,1971],"class_list":{"0":"post-504049","1":"post","2":"type-post","3":"status-publish","4":"format-standard","5":"has-post-thumbnail","7":"category-kiel","8":"tag-de","9":"tag-deutschland","10":"tag-eu","11":"tag-europa","12":"tag-europe","13":"tag-germany","14":"tag-headlines","15":"tag-kiel","16":"tag-nachrichten","17":"tag-news","18":"tag-schlagzeilen","19":"tag-schleswig-holstein"},"share_on_mastodon":{"url":"https:\/\/pubeurope.com\/@de\/115385727866190422","error":""},"_links":{"self":[{"href":"https:\/\/www.europesays.com\/de\/wp-json\/wp\/v2\/posts\/504049","targetHints":{"allow":["GET"]}}],"collection":[{"href":"https:\/\/www.europesays.com\/de\/wp-json\/wp\/v2\/posts"}],"about":[{"href":"https:\/\/www.europesays.com\/de\/wp-json\/wp\/v2\/types\/post"}],"author":[{"embeddable":true,"href":"https:\/\/www.europesays.com\/de\/wp-json\/wp\/v2\/users\/2"}],"replies":[{"embeddable":true,"href":"https:\/\/www.europesays.com\/de\/wp-json\/wp\/v2\/comments?post=504049"}],"version-history":[{"count":0,"href":"https:\/\/www.europesays.com\/de\/wp-json\/wp\/v2\/posts\/504049\/revisions"}],"wp:featuredmedia":[{"embeddable":true,"href":"https:\/\/www.europesays.com\/de\/wp-json\/wp\/v2\/media\/504050"}],"wp:attachment":[{"href":"https:\/\/www.europesays.com\/de\/wp-json\/wp\/v2\/media?parent=504049"}],"wp:term":[{"taxonomy":"category","embeddable":true,"href":"https:\/\/www.europesays.com\/de\/wp-json\/wp\/v2\/categories?post=504049"},{"taxonomy":"post_tag","embeddable":true,"href":"https:\/\/www.europesays.com\/de\/wp-json\/wp\/v2\/tags?post=504049"}],"curies":[{"name":"wp","href":"https:\/\/api.w.org\/{rel}","templated":true}]}}