{"id":504051,"date":"2025-10-16T20:27:12","date_gmt":"2025-10-16T20:27:12","guid":{"rendered":"https:\/\/www.europesays.com\/de\/504051\/"},"modified":"2025-10-16T20:27:12","modified_gmt":"2025-10-16T20:27:12","slug":"ich-haette-einfach-den-bus-nehmen-sollen","status":"publish","type":"post","link":"https:\/\/www.europesays.com\/de\/504051\/","title":{"rendered":"\u201eIch h\u00e4tte einfach den Bus nehmen sollen\u201c"},"content":{"rendered":"<p class=\"bold\">\n\t\t\t\t\t\t\t\t\t\tFalsche Banknoten, gedruckt auf Kopierpapier, soll ein Taxifahrer seinen Kunden untergejubelt haben. Bevor das Urteil am Amtsgericht fiel, wurde eine weitere Zeugin geh\u00f6rt. Ein falscher 20-Euro-Schein und die Folgen.\t\t\t\t<\/p>\n<p>\t\t\t\t Sie ist aufgebracht \u2013 und das nicht zu knapp. Dass ein 20-Euro-Schein so viel \u00c4rger nach sich bringen w\u00fcrde, h\u00e4tte eine 68-j\u00e4hrige Rentnerin aus Chemnitz nie gedacht. Nach einer Urlaubsreise im Sommer 2023 wollte sie nur noch nach Hause. Doch die Taxifahrt wurde f\u00fcr sie zum Beginn einer langen Geschichte, die schlie\u00dflich vor Gericht&#8230;<\/p>\n<p>\t\t<img decoding=\"async\" class=\"fp-plus-logo\" src=\"https:\/\/www.freiepresse.de\/img\/fpplus.svg\" alt=\"Freie Presse plus Logo\"\/><\/p>\n<p>Registrieren und testen.<\/p>\n<p>Jetzt mit Ihrer Registrierung 1 Monat gratis testen und alle Beitr\u00e4ge lesen.<\/p>\n<p>Schon Abonnent? Melden Sie sich mit ihren Zugangsdaten an.<\/p>\n","protected":false},"excerpt":{"rendered":"Falsche Banknoten, gedruckt auf Kopierpapier, soll ein Taxifahrer seinen Kunden untergejubelt haben. Bevor das Urteil am Amtsgericht fiel,&hellip;\n","protected":false},"author":2,"featured_media":504052,"comment_status":"","ping_status":"","sticky":false,"template":"","format":"standard","meta":{"footnotes":""},"categories":[1851],"tags":[2770,3364,29,548,663,3934,18853,30,13,14,15,859,12],"class_list":{"0":"post-504051","1":"post","2":"type-post","3":"status-publish","4":"format-standard","5":"has-post-thumbnail","7":"category-chemnitz","8":"tag-chemnitz","9":"tag-de","10":"tag-deutschland","11":"tag-eu","12":"tag-europa","13":"tag-europe","14":"tag-gericht-rechtsstreit","15":"tag-germany","16":"tag-headlines","17":"tag-nachrichten","18":"tag-news","19":"tag-sachsen","20":"tag-schlagzeilen"},"share_on_mastodon":{"url":"","error":""},"_links":{"self":[{"href":"https:\/\/www.europesays.com\/de\/wp-json\/wp\/v2\/posts\/504051","targetHints":{"allow":["GET"]}}],"collection":[{"href":"https:\/\/www.europesays.com\/de\/wp-json\/wp\/v2\/posts"}],"about":[{"href":"https:\/\/www.europesays.com\/de\/wp-json\/wp\/v2\/types\/post"}],"author":[{"embeddable":true,"href":"https:\/\/www.europesays.com\/de\/wp-json\/wp\/v2\/users\/2"}],"replies":[{"embeddable":true,"href":"https:\/\/www.europesays.com\/de\/wp-json\/wp\/v2\/comments?post=504051"}],"version-history":[{"count":0,"href":"https:\/\/www.europesays.com\/de\/wp-json\/wp\/v2\/posts\/504051\/revisions"}],"wp:featuredmedia":[{"embeddable":true,"href":"https:\/\/www.europesays.com\/de\/wp-json\/wp\/v2\/media\/504052"}],"wp:attachment":[{"href":"https:\/\/www.europesays.com\/de\/wp-json\/wp\/v2\/media?parent=504051"}],"wp:term":[{"taxonomy":"category","embeddable":true,"href":"https:\/\/www.europesays.com\/de\/wp-json\/wp\/v2\/categories?post=504051"},{"taxonomy":"post_tag","embeddable":true,"href":"https:\/\/www.europesays.com\/de\/wp-json\/wp\/v2\/tags?post=504051"}],"curies":[{"name":"wp","href":"https:\/\/api.w.org\/{rel}","templated":true}]}}