{"id":504055,"date":"2025-10-16T20:29:15","date_gmt":"2025-10-16T20:29:15","guid":{"rendered":"https:\/\/www.europesays.com\/de\/504055\/"},"modified":"2025-10-16T20:29:15","modified_gmt":"2025-10-16T20:29:15","slug":"willicher-delegation-knuepft-kontakte-auf-der-expo","status":"publish","type":"post","link":"https:\/\/www.europesays.com\/de\/504055\/","title":{"rendered":"Willicher Delegation kn\u00fcpft Kontakte auf der Expo"},"content":{"rendered":"<p class=\"text_ohne_einzug richtext text-em-55 !leading-serif mx-6 desktop:mx-0\"> Ein Besuch auf der internationalen Immobilienmesse Expo Real in M\u00fcnchen kann sich f\u00fcr eine Willicher Delegation durchaus lohnen. Im vergangenen Jahr etwa brachten dort gef\u00fchrte Gespr\u00e4che das Projekt Vollsortimenter f\u00fcr Anrath entscheidend voran. Ganz so wirkungsvoll war der Besuch diesmal nicht, dennoch bewertet B\u00fcrgermeister Christian Pakusch (CDU) ihn als Erfolg, wie aus einer Pressemitteilung der Stadt hervorgeht: \u201eDie Stadt <a href=\"https:\/\/rp-online.de\/thema\/willich\/\" target=\"_blank\" rel=\"noopener\">Willich<\/a> hat sich auf der Expo Real, der gr\u00f6\u00dften Immobilienmesse Europas, in M\u00fcnchen eindrucksvoll als zukunftsorientierter und leistungsstarker Wirtschaftsstandort pr\u00e4sentiert\u201c, sagt Pakusch. In zahlreichen Gespr\u00e4chen mit Investorinnen, Investoren und Projektentwicklern seien \u201eneue Impulse f\u00fcr Wohn- und Gewerbeprojekte gesetzt\u201c worden. Die Expo Real habe einmal mehr gezeigt, \u201edass Willich als Wirtschaftsstandort in der <a href=\"https:\/\/rp-online.de\/thema\/champions-league\/\" target=\"_blank\" rel=\"noopener\">Champions League<\/a> spielt\u201c.<\/p>\n","protected":false},"excerpt":{"rendered":"Ein Besuch auf der internationalen Immobilienmesse Expo Real in M\u00fcnchen kann sich f\u00fcr eine Willicher Delegation durchaus lohnen.&hellip;\n","protected":false},"author":2,"featured_media":504056,"comment_status":"","ping_status":"","sticky":false,"template":"","format":"standard","meta":{"footnotes":""},"categories":[1849],"tags":[124887,3364,43908,29,548,663,3934,40602,40101,30,13,5331,65474,3413,47,4455,1268,14,15,1209,39325,15111,12,9593,17016,17289,22955,20642,125963],"class_list":{"0":"post-504055","1":"post","2":"type-post","3":"status-publish","4":"format-standard","5":"has-post-thumbnail","7":"category-moenchengladbach","8":"tag-areale","9":"tag-de","10":"tag-delegation","11":"tag-deutschland","12":"tag-eu","13":"tag-europa","14":"tag-europe","15":"tag-expo","16":"tag-fachmesse","17":"tag-germany","18":"tag-headlines","19":"tag-immobilien","20":"tag-immobilienmesse","21":"tag-laendern","22":"tag-messe","23":"tag-moenchengladbach","24":"tag-muenchen","25":"tag-nachrichten","26":"tag-news","27":"tag-nordrhein-westfalen","28":"tag-pakusch","29":"tag-real","30":"tag-schlagzeilen","31":"tag-stand","32":"tag-standort","33":"tag-willich","34":"tag-willicher","35":"tag-wirtschaftsstandort","36":"tag-wirtschaftsstandortprofil"},"share_on_mastodon":{"url":"https:\/\/pubeurope.com\/@de\/115385739737443235","error":""},"_links":{"self":[{"href":"https:\/\/www.europesays.com\/de\/wp-json\/wp\/v2\/posts\/504055","targetHints":{"allow":["GET"]}}],"collection":[{"href":"https:\/\/www.europesays.com\/de\/wp-json\/wp\/v2\/posts"}],"about":[{"href":"https:\/\/www.europesays.com\/de\/wp-json\/wp\/v2\/types\/post"}],"author":[{"embeddable":true,"href":"https:\/\/www.europesays.com\/de\/wp-json\/wp\/v2\/users\/2"}],"replies":[{"embeddable":true,"href":"https:\/\/www.europesays.com\/de\/wp-json\/wp\/v2\/comments?post=504055"}],"version-history":[{"count":0,"href":"https:\/\/www.europesays.com\/de\/wp-json\/wp\/v2\/posts\/504055\/revisions"}],"wp:featuredmedia":[{"embeddable":true,"href":"https:\/\/www.europesays.com\/de\/wp-json\/wp\/v2\/media\/504056"}],"wp:attachment":[{"href":"https:\/\/www.europesays.com\/de\/wp-json\/wp\/v2\/media?parent=504055"}],"wp:term":[{"taxonomy":"category","embeddable":true,"href":"https:\/\/www.europesays.com\/de\/wp-json\/wp\/v2\/categories?post=504055"},{"taxonomy":"post_tag","embeddable":true,"href":"https:\/\/www.europesays.com\/de\/wp-json\/wp\/v2\/tags?post=504055"}],"curies":[{"name":"wp","href":"https:\/\/api.w.org\/{rel}","templated":true}]}}