{"id":504057,"date":"2025-10-16T20:30:30","date_gmt":"2025-10-16T20:30:30","guid":{"rendered":"https:\/\/www.europesays.com\/de\/504057\/"},"modified":"2025-10-16T20:30:30","modified_gmt":"2025-10-16T20:30:30","slug":"ueberwucherter-gehweg-in-herten-seniorin-fordert-rueckschnitt","status":"publish","type":"post","link":"https:\/\/www.europesays.com\/de\/504057\/","title":{"rendered":"\u00dcberwucherter Gehweg in Herten: Seniorin fordert R\u00fcckschnitt"},"content":{"rendered":"<p>\t\tB\u00fcrgersteig stark zugewuchert<br \/>\n\t\t\t\t\tHertenerin sieht Engpass f\u00fcr Radfahrer und Fu\u00dfg\u00e4nger<\/p>\n<p>    <a href=\"https:\/\/www.hertener-allgemeine.de\/wp-content\/uploads\/2025\/10\/15\/07\/630_0900_5173994_-1648x824.jpg\" rel=\"nofollow noopener\" target=\"_blank\"><\/p>\n<p>            <img decoding=\"async\" fetchpriority=\"high\" src=\"https:\/\/www.europesays.com\/de\/wp-content\/uploads\/2025\/10\/630_0900_5173993_-640x428.jpg\" width=\"640\" height=\"428\"  alt=\"Erika Koschewitz steht neben ihrem Fahrrad auf einem Kirchplatz in Herten-Mitte.\"\/><\/p>\n<p>    <\/a><br \/>\n    Die Langenbochumerin Erika Koschewitz beschwert sich \u00fcber zu stark bewachsene B\u00fcrgersteige und wandte sich an unsere Redaktion. \u00a9 Harald Landgraf<\/p>\n<p class=\"article__teaser-text\">\u00dcberwucherter Gehweg in Herten-Langenbochum: Eine 85-J\u00e4hrige fordert R\u00fcckschnitt. Die Stadt verweist auf private Eigent\u00fcmer. Wie geht es weiter?<\/p>\n<p>2 Min Lesezeit<\/p>\n<p>Zugewachsener B\u00fcrgersteigZust\u00e4ndigkeit ist zu kl\u00e4ren<\/p>\n","protected":false},"excerpt":{"rendered":"B\u00fcrgersteig stark zugewuchert Hertenerin sieht Engpass f\u00fcr Radfahrer und Fu\u00dfg\u00e4nger Die Langenbochumerin Erika Koschewitz beschwert sich \u00fcber zu&hellip;\n","protected":false},"author":2,"featured_media":504058,"comment_status":"","ping_status":"","sticky":false,"template":"","format":"standard","meta":{"footnotes":""},"categories":[1848],"tags":[3364,29,548,663,3934,3658,30,13,14,15,1209,12,3587,49691],"class_list":{"0":"post-504057","1":"post","2":"type-post","3":"status-publish","4":"format-standard","5":"has-post-thumbnail","7":"category-gelsenkirchen","8":"tag-de","9":"tag-deutschland","10":"tag-eu","11":"tag-europa","12":"tag-europe","13":"tag-gelsenkirchen","14":"tag-germany","15":"tag-headlines","16":"tag-nachrichten","17":"tag-news","18":"tag-nordrhein-westfalen","19":"tag-schlagzeilen","20":"tag-verkehr-mobilitaet","21":"tag-zentraler-betriebshof-herten"},"share_on_mastodon":{"url":"https:\/\/pubeurope.com\/@de\/115385744114599124","error":""},"_links":{"self":[{"href":"https:\/\/www.europesays.com\/de\/wp-json\/wp\/v2\/posts\/504057","targetHints":{"allow":["GET"]}}],"collection":[{"href":"https:\/\/www.europesays.com\/de\/wp-json\/wp\/v2\/posts"}],"about":[{"href":"https:\/\/www.europesays.com\/de\/wp-json\/wp\/v2\/types\/post"}],"author":[{"embeddable":true,"href":"https:\/\/www.europesays.com\/de\/wp-json\/wp\/v2\/users\/2"}],"replies":[{"embeddable":true,"href":"https:\/\/www.europesays.com\/de\/wp-json\/wp\/v2\/comments?post=504057"}],"version-history":[{"count":0,"href":"https:\/\/www.europesays.com\/de\/wp-json\/wp\/v2\/posts\/504057\/revisions"}],"wp:featuredmedia":[{"embeddable":true,"href":"https:\/\/www.europesays.com\/de\/wp-json\/wp\/v2\/media\/504058"}],"wp:attachment":[{"href":"https:\/\/www.europesays.com\/de\/wp-json\/wp\/v2\/media?parent=504057"}],"wp:term":[{"taxonomy":"category","embeddable":true,"href":"https:\/\/www.europesays.com\/de\/wp-json\/wp\/v2\/categories?post=504057"},{"taxonomy":"post_tag","embeddable":true,"href":"https:\/\/www.europesays.com\/de\/wp-json\/wp\/v2\/tags?post=504057"}],"curies":[{"name":"wp","href":"https:\/\/api.w.org\/{rel}","templated":true}]}}