{"id":504059,"date":"2025-10-16T20:31:10","date_gmt":"2025-10-16T20:31:10","guid":{"rendered":"https:\/\/www.europesays.com\/de\/504059\/"},"modified":"2025-10-16T20:31:10","modified_gmt":"2025-10-16T20:31:10","slug":"vollsperrung-bis-ende-oktober-arbeiten-im-endspurt","status":"publish","type":"post","link":"https:\/\/www.europesays.com\/de\/504059\/","title":{"rendered":"Vollsperrung bis Ende Oktober \u2013 Arbeiten im Endspurt"},"content":{"rendered":"<p data-start=\"78\" data-end=\"219\">FRANKENBERG. K 93 Ortsdurchfahrt Vierm\u00fcnden: Letzter Bauabschnitt bis Ende Oktober abgeschlossen. Die Vollsperrung gilt noch bis 31. Oktober.<\/p>\n<p data-start=\"221\" data-end=\"606\">Hessen Mobil erneuert im Auftrag des Landkreises Waldeck-Frankenberg seit Ende M\u00e4rz die Kreisstra\u00dfe K 93 in der Ortsdurchfahrt des Frankenberger Stadtteils Vierm\u00fcnden. Das Abwasserwerk Frankenberg ersetzt zeitgleich den Regen\u00fcberlauf an der Hauptstra\u00dfe und verlegt einen neuen Ablaufkanal. Vorhandene Wasserleitungen im Bereich des geplanten Regen\u00fcberlaufs wurden im Vorfeld umverlegt.<\/p>\n<p data-start=\"608\" data-end=\"866\">Der 3. und letzte Bauabschnitt zwischen dem Ortsausgang Richtung Schreufa und der Treisbacher Stra\u00dfe (K 92) wird nun voraussichtlich bis Ende Oktober abgeschlossen. Bis dahin bleibt der Abschnitt f\u00fcr den Verkehr gesperrt und die bisherige Umleitung in Kraft.<\/p>\n<p data-start=\"868\" data-end=\"1125\" data-is-last-node=\"\" data-is-only-node=\"\">Der Landkreis Waldeck-Frankenberg investiert ca. 1.090.000 Euro in die Sanierung der Kreisstra\u00dfe. Hessen Mobil und der Landkreis Waldeck-Frankenberg bitten um Verst\u00e4ndnis f\u00fcr die notwendige Ma\u00dfnahme sowie die damit verbundenen verkehrlichen Einschr\u00e4nkungen.<\/p>\n","protected":false},"excerpt":{"rendered":"FRANKENBERG. K 93 Ortsdurchfahrt Vierm\u00fcnden: Letzter Bauabschnitt bis Ende Oktober abgeschlossen. Die Vollsperrung gilt noch bis 31. Oktober.&hellip;\n","protected":false},"author":2,"featured_media":504060,"comment_status":"","ping_status":"","sticky":false,"template":"","format":"standard","meta":{"footnotes":""},"categories":[1847],"tags":[68808,3364,29,548,663,3934,58812,30,12958,13,2052,77545,125964,14,15,125965,12,125966,3043,4544],"class_list":{"0":"post-504059","1":"post","2":"type-post","3":"status-publish","4":"format-standard","5":"has-post-thumbnail","7":"category-wiesbaden","8":"tag-abwasserwerk","9":"tag-de","10":"tag-deutschland","11":"tag-eu","12":"tag-europa","13":"tag-europe","14":"tag-frankenberg","15":"tag-germany","16":"tag-hauptstrasse","17":"tag-headlines","18":"tag-hessen","19":"tag-hessen-mobil","20":"tag-k-93","21":"tag-nachrichten","22":"tag-news","23":"tag-ortsdurchfahrt","24":"tag-schlagzeilen","25":"tag-viermuenden","26":"tag-vollsperrung","27":"tag-wiesbaden"},"share_on_mastodon":{"url":"https:\/\/pubeurope.com\/@de\/115385747623184930","error":""},"_links":{"self":[{"href":"https:\/\/www.europesays.com\/de\/wp-json\/wp\/v2\/posts\/504059","targetHints":{"allow":["GET"]}}],"collection":[{"href":"https:\/\/www.europesays.com\/de\/wp-json\/wp\/v2\/posts"}],"about":[{"href":"https:\/\/www.europesays.com\/de\/wp-json\/wp\/v2\/types\/post"}],"author":[{"embeddable":true,"href":"https:\/\/www.europesays.com\/de\/wp-json\/wp\/v2\/users\/2"}],"replies":[{"embeddable":true,"href":"https:\/\/www.europesays.com\/de\/wp-json\/wp\/v2\/comments?post=504059"}],"version-history":[{"count":0,"href":"https:\/\/www.europesays.com\/de\/wp-json\/wp\/v2\/posts\/504059\/revisions"}],"wp:featuredmedia":[{"embeddable":true,"href":"https:\/\/www.europesays.com\/de\/wp-json\/wp\/v2\/media\/504060"}],"wp:attachment":[{"href":"https:\/\/www.europesays.com\/de\/wp-json\/wp\/v2\/media?parent=504059"}],"wp:term":[{"taxonomy":"category","embeddable":true,"href":"https:\/\/www.europesays.com\/de\/wp-json\/wp\/v2\/categories?post=504059"},{"taxonomy":"post_tag","embeddable":true,"href":"https:\/\/www.europesays.com\/de\/wp-json\/wp\/v2\/tags?post=504059"}],"curies":[{"name":"wp","href":"https:\/\/api.w.org\/{rel}","templated":true}]}}