{"id":504150,"date":"2025-10-16T21:23:13","date_gmt":"2025-10-16T21:23:13","guid":{"rendered":"https:\/\/www.europesays.com\/de\/504150\/"},"modified":"2025-10-16T21:23:13","modified_gmt":"2025-10-16T21:23:13","slug":"fc-bayern-muenchen-vs-borussia-dortmund-mit-akuten-abwehrproblemen-trainer-vincent-kompany-fehlen-wohl-bis-zu-fuenf-defensivspieler","status":"publish","type":"post","link":"https:\/\/www.europesays.com\/de\/504150\/","title":{"rendered":"FC Bayern M\u00fcnchen vs. Borussia Dortmund mit akuten Abwehrproblemen! Trainer Vincent Kompany fehlen wohl bis zu f\u00fcnf Defensivspieler"},"content":{"rendered":"<p class=\"css-1q8kfuz\">Im Spiel gegen Borussia Dortmund muss Bayern-Trainer Vincent Kompany auf eine Not-Abwehr bauen. Gleich f\u00fcnf Spieler, die in der Defensive spielen k\u00f6nnten, stehen nicht zur Verf\u00fcgung.<\/p>\n<p class=\"css-1cmglxz\">Der <a href=\"https:\/\/www.ran.de\/sports\/fussball\/fc-bayern-muenchen\" target=\"_blank\" rel=\"noopener\">FC Bayern M\u00fcnchen<\/a> ist gegen <a href=\"https:\/\/www.ran.de\/sports\/fussball\/bvb-borussia-dortmund\" target=\"_blank\" rel=\"noopener\">Borussia Dortmund<\/a> im <a href=\"https:\/\/www.ran.de\/sports\/fussball\/bundesliga\" target=\"_blank\" rel=\"noopener\">Bundesliga<\/a>-Klassiker\u00a0<a href=\"https:\/\/www.ran.de\/sports\/ticker\/ma11199635\/liveticker?from=%2Fsports%2Ffussball%2Fbundesliga%2Fspielplan\" target=\"_blank\" rel=\"noopener\">(Samstag ab 18:30 Uhr im Liveticker)<\/a>\u00a0eigentlich klarer Favorit.<\/p>\n<p class=\"css-1cmglxz\">Allerdings haben die M\u00fcnchner immer noch arge Verletzungsprobleme, vor allem in der Abwehr. Gegen den BVB muss Trainer <a data-li-document-ref=\"459357\" href=\"https:\/\/www.ran.de\/sports\/fussball\/vincent-kompany\" target=\"_blank\" rel=\"noopener\">Vincent Kompany<\/a>\u00a0offenbar auf eine Not-Abwehr setzen.<\/p>\n<p class=\"css-1cmglxz\">In der Zentrale sind die beiden Nationalspieler <a data-li-document-ref=\"552091\" href=\"https:\/\/www.ran.de\/sports\/fussball\/jonathan-tah\" target=\"_blank\" rel=\"noopener\">Jonathan Tah<\/a> und <a data-li-document-ref=\"579979\" href=\"https:\/\/www.ran.de\/sports\/fussball\/dayot-upamecano\" target=\"_blank\" rel=\"noopener\">Dayot Upamecano<\/a> zwar fit. Dahinter wird es jedoch eng.<\/p>\n<p class=\"css-1cmglxz\">Ersatzmann Minjae Kim hatte zuletzt wohl mit Problemen an der Schulter und am Fu\u00df zu k\u00e4mpfen und kehrte gerade erst von der langen L\u00e4nderspielreise mit der s\u00fcdkoreanischen Nationalmannschaft zur\u00fcck. Dies berichtet die &#8222;Sport Bild&#8220;.<\/p>\n<p class=\"css-1cmglxz\">Deutlich mehr als in der Innenverteidigung dr\u00fcckt der Schuh jedoch auf Au\u00dfen.<\/p>\n<p>FC Bayern M\u00fcnchen vs. BVB: Nur zwei gesunde Au\u00dfenverteidiger<\/p>\n<p class=\"css-1cmglxz\">Die Personaldecke ist so d\u00fcnn, dass mit Sacha Boey und Konrad Laimer nur zwei Spieler aus der A-Mannschaft zur Verf\u00fcgung stehen, die diese Position bekleiden. Zwar k\u00f6nnte auch <a data-li-document-ref=\"442950\" href=\"https:\/\/www.ran.de\/sports\/fussball\/joshua-kimmich\" target=\"_blank\" rel=\"noopener\">Joshua Kimmich<\/a> rechts spielen, ihn brauchen die Bayern jedoch im Zentrum.<\/p>\n<p class=\"css-1cmglxz\">Boey d\u00fcrfte in diesem Fall die Rechtsverteidigerposition einnehmen, w\u00e4hrend Laimer die linke Seite beackert. Raphael Guerreiro trainierte in dieser Woche bisher nur individuell und hatte laut dem Bericht bei der Einheit am Donnerstag erneut Probleme. Ein Einsatz des Portugiesen gegen den BVB bleibt \u00e4u\u00dferst fraglich.<\/p>\n<p class=\"css-1cmglxz\">Gleiches gilt f\u00fcr Josip Stanisic, der nach seinem Innenbandteilriss im rechten Knie weiter an seinem Comeback arbeitet, aber auch noch nicht mit dem Team trainiert.<\/p>\n<p class=\"css-1cmglxz\">Ehe Hiroki Ito und <a href=\"https:\/\/www.ran.de\/sports\/fussball\/alphonso-davies\" target=\"_blank\" rel=\"noopener\">Alphonso Davies<\/a> zum Kader sto\u00dfen, werden zudem noch weitere Wochen vergehen. Davies arbeitet nach seinem Kreuzbandriss genau so wie Ito nach seinem komplizierten Fu\u00dfbruch weiterhin in der Reha. Beide Spieler hoffen, noch 2025 zum Einsatz zu kommen.<\/p>\n","protected":false},"excerpt":{"rendered":"Im Spiel gegen Borussia Dortmund muss Bayern-Trainer Vincent Kompany auf eine Not-Abwehr bauen. Gleich f\u00fcnf Spieler, die in&hellip;\n","protected":false},"author":2,"featured_media":504151,"comment_status":"","ping_status":"","sticky":false,"template":"","format":"standard","meta":{"footnotes":""},"categories":[1827],"tags":[23058,1534,2658,772,888,56561,29,458,30,5285,125976,8323,116801,99427,1268,12304,32368,3258,1086],"class_list":{"0":"post-504150","1":"post","2":"type-post","3":"status-publish","4":"format-standard","5":"has-post-thumbnail","7":"category-muenchen","8":"tag-abwehr","9":"tag-alphonso-davies","10":"tag-aufstellung","11":"tag-bayern","12":"tag-borussia-dortmund","13":"tag-defensive","14":"tag-deutschland","15":"tag-fc-bayern-muenchen","16":"tag-germany","17":"tag-hiroki-ito","18":"tag-josip-stanisic","19":"tag-klassiker","20":"tag-konrad-laimer","21":"tag-minjae-kim","22":"tag-muenchen","23":"tag-raphael-guerreiro","24":"tag-sacha-boey","25":"tag-verletzte","26":"tag-vincent-kompany"},"share_on_mastodon":{"url":"https:\/\/pubeurope.com\/@de\/115385952209709835","error":""},"_links":{"self":[{"href":"https:\/\/www.europesays.com\/de\/wp-json\/wp\/v2\/posts\/504150","targetHints":{"allow":["GET"]}}],"collection":[{"href":"https:\/\/www.europesays.com\/de\/wp-json\/wp\/v2\/posts"}],"about":[{"href":"https:\/\/www.europesays.com\/de\/wp-json\/wp\/v2\/types\/post"}],"author":[{"embeddable":true,"href":"https:\/\/www.europesays.com\/de\/wp-json\/wp\/v2\/users\/2"}],"replies":[{"embeddable":true,"href":"https:\/\/www.europesays.com\/de\/wp-json\/wp\/v2\/comments?post=504150"}],"version-history":[{"count":0,"href":"https:\/\/www.europesays.com\/de\/wp-json\/wp\/v2\/posts\/504150\/revisions"}],"wp:featuredmedia":[{"embeddable":true,"href":"https:\/\/www.europesays.com\/de\/wp-json\/wp\/v2\/media\/504151"}],"wp:attachment":[{"href":"https:\/\/www.europesays.com\/de\/wp-json\/wp\/v2\/media?parent=504150"}],"wp:term":[{"taxonomy":"category","embeddable":true,"href":"https:\/\/www.europesays.com\/de\/wp-json\/wp\/v2\/categories?post=504150"},{"taxonomy":"post_tag","embeddable":true,"href":"https:\/\/www.europesays.com\/de\/wp-json\/wp\/v2\/tags?post=504150"}],"curies":[{"name":"wp","href":"https:\/\/api.w.org\/{rel}","templated":true}]}}