{"id":504215,"date":"2025-10-16T21:59:15","date_gmt":"2025-10-16T21:59:15","guid":{"rendered":"https:\/\/www.europesays.com\/de\/504215\/"},"modified":"2025-10-16T21:59:15","modified_gmt":"2025-10-16T21:59:15","slug":"wilsberg-und-das-verschwundene-sendschwert","status":"publish","type":"post","link":"https:\/\/www.europesays.com\/de\/504215\/","title":{"rendered":"Wilsberg und das verschwundene Sendschwert"},"content":{"rendered":"<p>\t\t<a href=\"https:\/\/www.allesmuenster.de\/cms\/wp-content\/uploads\/Wilsberg_02-2025_1.jpg\" target=\"_blank\" rel=\"noopener\"><img loading=\"lazy\" decoding=\"async\" class=\"size-medium wp-image-127126\" src=\"data:image\/svg+xml,%3Csvg%20xmlns=\" http:=\"\" alt=\"Nat\u00fcrlich wieder mit von der Partie: Rita Russek als Anna Springer (l.) und Leonard Lansink als Georg Wilsberg (r.) (Foto: Michael B\u00fchrke)\" width=\"300\" height=\"200\" data-lazy- data-lazy- data-lazy-src=\"https:\/\/www.europesays.com\/de\/wp-content\/uploads\/2025\/10\/Wilsberg_02-2025_1-300x200.jpg\"\/><\/a>Nat\u00fcrlich wieder mit von der Partie: Rita Russek als Anna Springer (l.) und Leonard Lansink als Georg Wilsberg (r.) (Foto: Michael B\u00fchrke)<\/p>\n<p><strong>Herbstferien sind keine Urlaubszeit, zumindest nicht f\u00fcr das Team rund um die ZDF-Erfolgsreihe \u201eWilsberg\u201c. Wie immer wurde das Antiquariat von Michael Solder w\u00e4hrend der Herbstferien gekapert, um zur Kulisse f\u00fcr zwei neue Folgen zu werden. Auch wenn M\u00fcnsters Wetter solide auf Herbst umgeschaltet hat, wissen sich die Profis der Produktionsfirma wie immer zu helfen, gro\u00dfe beleuchtete Fl\u00e4chen vor den Fenstern zaubern sommerliches Licht in die R\u00e4ume und signalisieren den zahlreichen Schaulustigen, dass wieder gedreht wird und zwei neue Folgen in der Mache sind.<\/strong><\/p>\n<p>F\u00fcr echte M\u00fcnsterfans d\u00fcrfte vor allem die Folge mit dem Arbeitstitel \u201eElite\u201c von besonderem Interesse sein, schlie\u00dflich geht es um einen der bekanntesten Diebst\u00e4hle in der Geschichte der Domstadt, um den <a href=\"https:\/\/www.allesmuenster.de\/wo-ist-das-sendschwert\/\" target=\"_blank\" rel=\"noopener\">Raub des Sendschwerts<\/a>, der bis heute unaufgekl\u00e4rt ist. Was den echten Ermittlerinnen und Ermittlern bislang nicht gelungen ist, stellt f\u00fcr den Antiquar und Privatdetektiv Georg Wilsberg nat\u00fcrlich kein Problem dar. Ob auch in dieser Folge der Krimireihe die Spur nach Bremen f\u00fchrt, wie das vor einiger Zeit im wahren Leben der Fall war, wurde nicht verraten.<\/p>\n<p><a href=\"https:\/\/www.allesmuenster.de\/cms\/wp-content\/uploads\/Wilsberg_02-2025_2.jpg\" target=\"_blank\" rel=\"noopener\"><img loading=\"lazy\" decoding=\"async\" class=\"size-medium wp-image-127127\" src=\"data:image\/svg+xml,%3Csvg%20xmlns=\" http:=\"\" alt=\"Die Beleuchter wissen, wie man aus einem tr\u00fcben Herbsttag einen strahlenden Sommertag macht. (Foto: Michael B\u00fchrke)\" width=\"300\" height=\"200\" data-lazy- data-lazy- data-lazy-src=\"https:\/\/www.europesays.com\/de\/wp-content\/uploads\/2025\/10\/Wilsberg_02-2025_2-300x200.jpg\"\/><\/a>Die Beleuchter wissen, wie man aus einem tr\u00fcben Herbsttag einen strahlenden Sommertag macht. (Foto: Michael B\u00fchrke)<\/p>\n<p>Wie immer werden zeitgleich zwei Folgen gedreht. Die beiden Folgen mit den Arbeitstiteln \u201eElite\u201c und \u201eMordsm\u00e4\u00dfig gesund\u201c wurden und werden unter anderem rund um den Domplatz, im Antiquariat Solder in der Frauenstra\u00dfe, auf dem Aasee sowie im Osten der Stadt gedreht. Der Filmservice M\u00fcnster.Land hat die Produktion erneut erfolgreich bei der Suche nach geeigneten Drehorten unterst\u00fctzt. So dient das Gymnasium St. Mauritz in der Folge \u201eElite\u201c als Kulisse f\u00fcr ein Internat, an dem ein Lehrer ermordet wird. Einige Sch\u00fclerinnen und Sch\u00fcler des Gymnasiums d\u00fcrfen sich darauf freuen, in der kommenden Woche trotz Ferien als Statistinnen und Statisten vor der Kamera zu stehen.<\/p>\n<p>Was passiert in den beiden Folgen?<\/p>\n<p>In der Folge \u201eElite\u201c wird dem Teenager Leo Klussmann (Aaron Kissiov) vorgeworfen, seinen Internatslehrer Tobias Walter (Nikolai Mohr) entf\u00fchrt und im Wald ausgesetzt zu haben. Leo beteuert seine Unschuld, und Privatdetektiv Georg Wilsberg (Leonard Lansink) wird beauftragt, die Wahrheit herauszufinden. Als Wilsberg und sein Freund Ekki (Oliver Korittke) das Internat besuchen, bricht Tobias Walter vor ihren Augen zusammen und stirbt \u2013 offenbar ermordet. Hauptkommissarin Anna Springer (Rita Russek) und ihr Kollege Overbeck (Roland Jankowsky) \u00fcbernehmen die Ermittlungen. Um mehr \u00fcber die Hintergr\u00fcnde des Falls zu erfahren, schleust Wilsberg Merle (Janina Fautz), die Patentochter von Anna Springer, als Tutorin ins Internat ein. Das Drehbuch zu \u201eElite\u201c stammt von Ren\u00e9 F\u00f6rder und Stephan P\u00e4chter.<\/p>\n<p><a href=\"https:\/\/www.allesmuenster.de\/cms\/wp-content\/uploads\/Wilsberg_02-2025_3.jpg\" target=\"_blank\" rel=\"noopener\"><img loading=\"lazy\" decoding=\"async\" class=\"size-medium wp-image-127128\" src=\"data:image\/svg+xml,%3Csvg%20xmlns=\" http:=\"\" alt=\"Russek und Lansink mit Unterlagen aus den Tiefen des Antiquariats. (Foto: Michael B\u00fchrke)\" width=\"300\" height=\"200\" data-lazy- data-lazy- data-lazy-src=\"https:\/\/www.europesays.com\/de\/wp-content\/uploads\/2025\/10\/Wilsberg_02-2025_3-300x200.jpg\"\/><\/a>Russek und Lansink mit Unterlagen aus den Tiefen des Antiquariats. (Foto: Michael B\u00fchrke)<\/p>\n<p>In \u201eMordsm\u00e4\u00dfig gesund\u201c entdecken Anw\u00e4ltin Tessa Tilker (Patricia Meeden) und ihre Mandantin Lisa Mersebeck (Jessica Ginkel) einen Peilsender an Lisas Auto. Tessa vermutet den Arbeitgeber ihrer Mandantin, eine Krankenkasse, hinter der \u00dcberwachung und bittet Wilsberg um Hilfe. Kurz darauf wird Lisa tot in ihrer Wohnung aufgefunden. Wilsbergs Ermittlungen f\u00fchren zu Donata L\u00f6bel (Carina Wiese), Lisas bester Freundin und Kunstdozentin, die von einer wertvollen, offenbar aus Lisas Wohnung gestohlenen Fotografie wei\u00df. Das Drehbuch schrieb Markus Thebe. Beide Folgen entstehen unter der Regie von Philipp Osthus und werden von Warner Bros. International Television Production Deutschland im Auftrag des ZDF produziert. Die Sendetermine f\u00fcr die beiden neuen Folgen stehen noch nicht fest.<\/p>\n<p>                         <a href=\"https:\/\/www.allesmuenster.de\/author\/mb\/\" class=\"fn url\" target=\"_blank\" title=\"Michael B\u00fchrke\" rel=\"nofollow noopener\"> <img loading=\"lazy\" decoding=\"async\" width=\"250\" height=\"250\" alt=\"\" src=\"data:image\/svg+xml,%3Csvg%20xmlns=\" http:=\"\" class=\"avatar avatar-250 photo\" style=\"max-width:250px\" data-lazy-src=\"https:\/\/www.europesays.com\/de\/wp-content\/uploads\/2025\/04\/michael.jpg\"\/><\/a> <\/p>\n<p>Michael wurde im nieders\u00e4chsischen Celle geboren und kam 1990 zum Studieren nach M\u00fcnster. Er ist Geograf und arbeitet heute in der Unternehmskommunikation. Seine Schwerpunkte liegen in den Bereichen Umwelt, Gesundheit und Soziales aber auch in den Naturwissenschaften. Michael ist leidenschaftlicher Radfahrer, Wanderer und Amateurfotograf.<\/p>\n<p> <a href=\"https:\/\/www.allesmuenster.de\/author\/mb\/\" class=\"url\" target=\"_blank\" title=\"Michael B\u00fchrke\" rel=\"nofollow noopener\"><img loading=\"lazy\" decoding=\"async\" width=\"250\" height=\"250\" alt=\"\" src=\"data:image\/svg+xml,%3Csvg%20xmlns=\" http:=\"\" class=\"avatar avatar-250 photo\" style=\"max-width:250px\" data-lazy-src=\"https:\/\/www.europesays.com\/de\/wp-content\/uploads\/2025\/04\/michael.jpg\"\/><\/a>  <\/p>\n","protected":false},"excerpt":{"rendered":"Nat\u00fcrlich wieder mit von der Partie: Rita Russek als Anna Springer (l.) und Leonard Lansink als Georg Wilsberg&hellip;\n","protected":false},"author":2,"featured_media":504216,"comment_status":"","ping_status":"","sticky":false,"template":"","format":"standard","meta":{"footnotes":""},"categories":[1843],"tags":[37729,3364,29,125984,30,8970,1209,125985],"class_list":{"0":"post-504215","1":"post","2":"type-post","3":"status-publish","4":"format-standard","5":"has-post-thumbnail","7":"category-muenster","8":"tag-wilsberg","9":"tag-de","10":"tag-deutschland","11":"tag-elitepartner","12":"tag-germany","13":"tag-muenster","14":"tag-nordrhein-westfalen","15":"tag-sendschwert"},"share_on_mastodon":{"url":"https:\/\/pubeurope.com\/@de\/115386093718925999","error":""},"_links":{"self":[{"href":"https:\/\/www.europesays.com\/de\/wp-json\/wp\/v2\/posts\/504215","targetHints":{"allow":["GET"]}}],"collection":[{"href":"https:\/\/www.europesays.com\/de\/wp-json\/wp\/v2\/posts"}],"about":[{"href":"https:\/\/www.europesays.com\/de\/wp-json\/wp\/v2\/types\/post"}],"author":[{"embeddable":true,"href":"https:\/\/www.europesays.com\/de\/wp-json\/wp\/v2\/users\/2"}],"replies":[{"embeddable":true,"href":"https:\/\/www.europesays.com\/de\/wp-json\/wp\/v2\/comments?post=504215"}],"version-history":[{"count":0,"href":"https:\/\/www.europesays.com\/de\/wp-json\/wp\/v2\/posts\/504215\/revisions"}],"wp:featuredmedia":[{"embeddable":true,"href":"https:\/\/www.europesays.com\/de\/wp-json\/wp\/v2\/media\/504216"}],"wp:attachment":[{"href":"https:\/\/www.europesays.com\/de\/wp-json\/wp\/v2\/media?parent=504215"}],"wp:term":[{"taxonomy":"category","embeddable":true,"href":"https:\/\/www.europesays.com\/de\/wp-json\/wp\/v2\/categories?post=504215"},{"taxonomy":"post_tag","embeddable":true,"href":"https:\/\/www.europesays.com\/de\/wp-json\/wp\/v2\/tags?post=504215"}],"curies":[{"name":"wp","href":"https:\/\/api.w.org\/{rel}","templated":true}]}}