{"id":504217,"date":"2025-10-16T22:00:13","date_gmt":"2025-10-16T22:00:13","guid":{"rendered":"https:\/\/www.europesays.com\/de\/504217\/"},"modified":"2025-10-16T22:00:13","modified_gmt":"2025-10-16T22:00:13","slug":"prominenter-trump-kritiker-john-bolton-angeklagt","status":"publish","type":"post","link":"https:\/\/www.europesays.com\/de\/504217\/","title":{"rendered":"Prominenter Trump-Kritiker John Bolton angeklagt"},"content":{"rendered":"<p>Washington (dpa) &#8211; Mit John Bolton ist einer der sch\u00e4rfsten Kritiker von US-Pr\u00e4sident Donald Trump angeklagt worden. Dem fr\u00fcheren Nationalen Sicherheitsberater Trumps wird die Weitergabe sensibler Informationen zur nationalen Verteidigung vorgeworfen sowie deren unrechtm\u00e4\u00dfige Aufbewahrung, wie das Justizministerium mitteilte. Eine Geschworenenjury klagte ihn an.<\/p>\n<p>Nicht der erste Fall<\/p>\n<p>Mit dem 76-J\u00e4hrigen wird nun erneut ein prominenter Trump-Widersacher von der Justiz offiziell beschuldigt. Vor Wochen hatte bereits die Anklage gegen den ehemaligen FBI-Direktor James Comey Schlagzeilen gemacht, die auf Druck von US-Pr\u00e4sident Donald Trump zustande gekommen sein soll.\u00a0<\/p>\n<p>Kritiker Trumps hatten bef\u00fcrchtet, dass Comey, dem Falschaussage vorgeworfen wird, nur einer von wom\u00f6glich weiteren F\u00e4llen sein k\u00f6nnte, bei denen der US-Pr\u00e4sident gegen ihm missliebige Personen Druck aus\u00fcben l\u00e4sst. Trump sprach hingegen von \u00abGerechtigkeit\u00bb, um die es ihm gehe.\u00a0<\/p>\n<p>Was Bolton genau vorgeworfen wird<\/p>\n<p>Zur Anklage gegen Bolton teilte US-Justizministerin Pam Bondi mit: \u00abJeder, der eine Machtposition missbraucht und unsere nationale Sicherheit gef\u00e4hrdet, wird zur Rechenschaft gezogen. Niemand steht \u00fcber dem Gesetz.\u00bb<\/p>\n<p>Die Ermittlungen der Bundespolizei FBI h\u00e4tten ergeben, dass Bolton mutma\u00dflich streng geheime Informationen \u00fcber pers\u00f6nliche Online-Konten weitergegeben und diese Dokumente in seinem Haus aufbewahrt habe, teilte FBI-Chef Kash Patel mit. Das versto\u00dfe direkt gegen Bundesgesetze.<\/p>\n<p>Im August hatte das FBI das Haus Boltons durchsucht. Beobachter sahen in dem Vorgehen auch eine Machtdemonstration des Wei\u00dfen Hauses.<\/p>\n<p>Welche Rolle Bolton in Trumps erster Amtszeit gespielt hat<\/p>\n<p>Bolton war in Trumps erster Amtszeit (2017-2021) zeitweise dessen Nationaler Sicherheitsberater. Der langj\u00e4hrige Diplomat Bolton, der als au\u00dfenpolitischer Hardliner gilt, trat nach rund eineinhalb Jahren im Amt im Streit mit Trump zur\u00fcck.<\/p>\n<p>2020 ver\u00f6ffentlichte Bolton dann ein Enth\u00fcllungsbuch (\u00abThe Room Where It Happened\u00bb), in dem er ein vernichtendes Bild von Trump zeichnete. Die Trump-Regierung hatte davor vergeblich versucht, die Publikation zu stoppen. Sie warf ihm vor, geheime Informationen zu ver\u00f6ffentlichen. Es gab zeitweise auch Ermittlungen, ob Bolton geheime Informationen weitergegeben habe. Verfahren im Zusammenhang mit dem Enth\u00fcllungsbuch wurden jedoch wieder eingestellt.<\/p>\n<p>Nur kurz nach dem Beginn seiner zweiten Amtszeit lie\u00df Trump den Personenschutz f\u00fcr Bolton durch den Secret Service entziehen. Der Secret Service ist f\u00fcr den Schutz ranghoher Politiker zust\u00e4ndig und k\u00fcmmert sich nicht nur um die Sicherheit aktiver Mandatstr\u00e4ger, sondern auch um die manch fr\u00fcherer Amtsinhaber.<\/p>\n<p>Bolton kritisierte Trump erst k\u00fcrzlich wieder wegen dessen Umgang mit Kremlchef Wladimir Putin im Ukraine-Krieg.<\/p>\n","protected":false},"excerpt":{"rendered":"Washington (dpa) &#8211; Mit John Bolton ist einer der sch\u00e4rfsten Kritiker von US-Pr\u00e4sident Donald Trump angeklagt worden. Dem&hellip;\n","protected":false},"author":2,"featured_media":504218,"comment_status":"","ping_status":"","sticky":false,"template":"","format":"standard","meta":{"footnotes":""},"categories":[1843],"tags":[3364,29,30,1015,2549,8970,1209,139,64],"class_list":{"0":"post-504217","1":"post","2":"type-post","3":"status-publish","4":"format-standard","5":"has-post-thumbnail","7":"category-muenster","8":"tag-de","9":"tag-deutschland","10":"tag-germany","11":"tag-justiz","12":"tag-leute","13":"tag-muenster","14":"tag-nordrhein-westfalen","15":"tag-regierung","16":"tag-usa"},"share_on_mastodon":{"url":"https:\/\/pubeurope.com\/@de\/115386098071857016","error":""},"_links":{"self":[{"href":"https:\/\/www.europesays.com\/de\/wp-json\/wp\/v2\/posts\/504217","targetHints":{"allow":["GET"]}}],"collection":[{"href":"https:\/\/www.europesays.com\/de\/wp-json\/wp\/v2\/posts"}],"about":[{"href":"https:\/\/www.europesays.com\/de\/wp-json\/wp\/v2\/types\/post"}],"author":[{"embeddable":true,"href":"https:\/\/www.europesays.com\/de\/wp-json\/wp\/v2\/users\/2"}],"replies":[{"embeddable":true,"href":"https:\/\/www.europesays.com\/de\/wp-json\/wp\/v2\/comments?post=504217"}],"version-history":[{"count":0,"href":"https:\/\/www.europesays.com\/de\/wp-json\/wp\/v2\/posts\/504217\/revisions"}],"wp:featuredmedia":[{"embeddable":true,"href":"https:\/\/www.europesays.com\/de\/wp-json\/wp\/v2\/media\/504218"}],"wp:attachment":[{"href":"https:\/\/www.europesays.com\/de\/wp-json\/wp\/v2\/media?parent=504217"}],"wp:term":[{"taxonomy":"category","embeddable":true,"href":"https:\/\/www.europesays.com\/de\/wp-json\/wp\/v2\/categories?post=504217"},{"taxonomy":"post_tag","embeddable":true,"href":"https:\/\/www.europesays.com\/de\/wp-json\/wp\/v2\/tags?post=504217"}],"curies":[{"name":"wp","href":"https:\/\/api.w.org\/{rel}","templated":true}]}}