{"id":504225,"date":"2025-10-16T22:04:10","date_gmt":"2025-10-16T22:04:10","guid":{"rendered":"https:\/\/www.europesays.com\/de\/504225\/"},"modified":"2025-10-16T22:04:10","modified_gmt":"2025-10-16T22:04:10","slug":"dildar-atmaca-kam-sah-und-der-wuppertaler-sv-siegte","status":"publish","type":"post","link":"https:\/\/www.europesays.com\/de\/504225\/","title":{"rendered":"Dildar Atmaca kam, sah und der Wuppertaler SV siegte"},"content":{"rendered":"<p class=\"text_ohne_einzug richtext text-em-55 !leading-serif mx-6 desktop:mx-0\">Mit einer engagierten Mannschaftsleistung hat sich Fu\u00dfball-Regionalligist Wuppertaler\u00a0SV, wie berichtet, am Dienstag im Pokal das Weiterkommen gegen den starken Oberligisten Schonnebeck erk\u00e4mpft. Dennoch stand ein Mann im Mittelpunkt der Ovationen, der ein unglaubliches Comeback gefeiert hatte. Zweieinhalb Monate \u2013 genau 77 Tage \u2013 nach seinem letzten Pflichtspiel, als er sich zum Ligaauftakt gegen Fortuna K\u00f6ln eine Muskelverletzung zugezogen hatte, wurde der 1,74 m gro\u00dfe Fl\u00fcgelflitzer nach 67 Minuten eingewechselt und versenkte nur acht Minuten sp\u00e4ter mit einem Kunstschuss den Ball zum entscheidenden 1:0 im Netz. Er kam, sah und der WSV siegte \u2013 so wie sich das Trainer und Sportdirektor vor der Saison vorgestellt hatten. \u201eIch wollte ihn als Unterschiedsspieler unbedingt halten\u201c, sagt Sportdirektor Gaetano Manno, der sich einmal mehr best\u00e4tigt sah, wie richtig das war. Jetzt gelte es, ihn behutsam weiter aufzubauen, \u201edamit er uns dauerhaft helfen kann\u201c, so Trainer Sebastian Tyrala. Er freute sich besonders auch deshalb \u00fcber Atmacas Traumeinstand, weil der in seiner Karriere schon h\u00e4ufig durch Verletzungen zur\u00fcckgeworfen worden ist. Bei W\u00fcrzburg in der dritten Liga behinderte den geb\u00fcrtigen Bielefelder die Schulter, die er sich dann in Bocholt operieren lie\u00df. Beim WSV in der vergangenen Saison, ebenfalls im ersten Saisonspiel, wieder ein Sturz auf die Schulter und ein l\u00e4ngerer Ausfall.<\/p>\n","protected":false},"excerpt":{"rendered":"Mit einer engagierten Mannschaftsleistung hat sich Fu\u00dfball-Regionalligist Wuppertaler\u00a0SV, wie berichtet, am Dienstag im Pokal das Weiterkommen gegen den&hellip;\n","protected":false},"author":2,"featured_media":504226,"comment_status":"","ping_status":"","sticky":false,"template":"","format":"standard","meta":{"footnotes":""},"categories":[1840],"tags":[16867,125988,82898,3315,125989,3364,29,6223,30,3480,1209,5907,125987,47198,26242,112243,5725,11460,3767,125986,6227,4418],"class_list":{"0":"post-504225","1":"post","2":"type-post","3":"status-publish","4":"format-standard","5":"has-post-thumbnail","7":"category-wuppertal","8":"tag-schonnebeck","9":"tag-abwehrspielern","10":"tag-atmaca","11":"tag-aufbau","12":"tag-aufbautraining","13":"tag-de","14":"tag-deutschland","15":"tag-fortuna","16":"tag-germany","17":"tag-minuten","18":"tag-nordrhein-westfalen","19":"tag-pokal","20":"tag-rehatraining","21":"tag-sah","22":"tag-saisonspiel","23":"tag-siegte","24":"tag-spiel","25":"tag-testspiel","26":"tag-training","27":"tag-unterschiedsspieler","28":"tag-wsv","29":"tag-wuppertal"},"share_on_mastodon":{"url":"https:\/\/pubeurope.com\/@de\/115386113488172387","error":""},"_links":{"self":[{"href":"https:\/\/www.europesays.com\/de\/wp-json\/wp\/v2\/posts\/504225","targetHints":{"allow":["GET"]}}],"collection":[{"href":"https:\/\/www.europesays.com\/de\/wp-json\/wp\/v2\/posts"}],"about":[{"href":"https:\/\/www.europesays.com\/de\/wp-json\/wp\/v2\/types\/post"}],"author":[{"embeddable":true,"href":"https:\/\/www.europesays.com\/de\/wp-json\/wp\/v2\/users\/2"}],"replies":[{"embeddable":true,"href":"https:\/\/www.europesays.com\/de\/wp-json\/wp\/v2\/comments?post=504225"}],"version-history":[{"count":0,"href":"https:\/\/www.europesays.com\/de\/wp-json\/wp\/v2\/posts\/504225\/revisions"}],"wp:featuredmedia":[{"embeddable":true,"href":"https:\/\/www.europesays.com\/de\/wp-json\/wp\/v2\/media\/504226"}],"wp:attachment":[{"href":"https:\/\/www.europesays.com\/de\/wp-json\/wp\/v2\/media?parent=504225"}],"wp:term":[{"taxonomy":"category","embeddable":true,"href":"https:\/\/www.europesays.com\/de\/wp-json\/wp\/v2\/categories?post=504225"},{"taxonomy":"post_tag","embeddable":true,"href":"https:\/\/www.europesays.com\/de\/wp-json\/wp\/v2\/tags?post=504225"}],"curies":[{"name":"wp","href":"https:\/\/api.w.org\/{rel}","templated":true}]}}