{"id":504290,"date":"2025-10-16T22:41:12","date_gmt":"2025-10-16T22:41:12","guid":{"rendered":"https:\/\/www.europesays.com\/de\/504290\/"},"modified":"2025-10-16T22:41:12","modified_gmt":"2025-10-16T22:41:12","slug":"im-kreis-offenbach-15-jaehrige-laila-boehnlein-seit-mittwoch-unauffindbar","status":"publish","type":"post","link":"https:\/\/www.europesays.com\/de\/504290\/","title":{"rendered":"Im Kreis Offenbach: 15-j\u00e4hrige Laila B\u00f6hnlein seit Mittwoch unauffindbar"},"content":{"rendered":"<p>                <a class=\"fancybox\" data-fancybox=\"galerie\" data-caption=\"Wo ist die 15-j\u00e4hrige Laila B\u00f6hnlein?  - Foto: privat\" rel=\"on_group nofollow noopener\" title=\"Wo ist die 15-j\u00e4hrige Laila B\u00f6hnlein?  - Foto: privat\" href=\"https:\/\/oshessen-news.b-cdn.net\/images\/25\/10\/xl\/11783108-vmsleila-16x9-1-.jpg\" target=\"_blank\"><img decoding=\"async\" class=\"img-responsive\" style=\"width: 728px; margin-top: 0; border:0;\" src=\"https:\/\/www.europesays.com\/de\/wp-content\/uploads\/2025\/10\/11783108-vmsleila-16x9-1-.jpg\" title=\"Wo ist die 15-j\u00e4hrige Laila B\u00f6hnlein?\" onerror=\"imgError(this);\"\/><\/p>\n<p>Wo ist die 15-j\u00e4hrige Laila B\u00f6hnlein? &#8211; Foto: privat<\/p>\n<p>\n                    <strong>OFFENBACH<\/strong><br \/>\n                    Polizei bittet um Hinweise\n                <\/p>\n<p>17.10.25 &#8211; <strong>Wo ist die Teenager Laila B\u00f6hnlein? Das fragt die Kriminalpolizei in Offenbach und bittet die Bev\u00f6lkerung um Mithilfe bei der Suche nach der 15 Jahre alten Vermissten aus M\u00fchlheim am Main.<\/strong><\/p>\n<p>Laila ist etwa 1,60 Meter gro\u00df und von kr\u00e4ftiger Statur. Die Teenagerin hat lange, dunkle Haare. Zu Kleidung, welche die Vermisste zum Zeitpunkt ihres Verschwindens trug, liegen keine Informationen vor. Die Gesuchte wurde zuletzt am Mittwochnachmittag, gegen 14:30 Uhr, im Bereich der Berliner Stra\u00dfe in Offenbach am Main gesehen. Seitdem ist sie unbekannten Aufenthaltes. Es ist nicht auszuschlie\u00dfen, dass sie sich in Frankfurt am Main oder Weilrod aufh\u00e4lt.<\/p>\n<p>Wer Hinweise auf den Aufenthaltsort von Laila B\u00f6hnlein geben kann, wird gebeten, sich unter 069 8098-1234 bei der Kriminalpolizei in Offenbach oder bei jeder anderen Polizeidienststelle zu melden. (mis\/pm) +++<\/p>\n<p><\/p>\n","protected":false},"excerpt":{"rendered":"Wo ist die 15-j\u00e4hrige Laila B\u00f6hnlein? &#8211; Foto: privat OFFENBACH Polizei bittet um Hinweise 17.10.25 &#8211; Wo ist&hellip;\n","protected":false},"author":2,"featured_media":504291,"comment_status":"","ping_status":"","sticky":false,"template":"","format":"standard","meta":{"footnotes":""},"categories":[1829],"tags":[6193,6195,29,6197,2050,2051,6192,30,2052,1381,14,6196,15,6194],"class_list":{"0":"post-504290","1":"post","2":"type-post","3":"status-publish","4":"format-standard","5":"has-post-thumbnail","7":"category-frankfurt-am-main","8":"tag-alsfeld","9":"tag-bad-hersfeld","10":"tag-deutschland","11":"tag-flieden","12":"tag-frankfurt","13":"tag-frankfurt-am-main","14":"tag-fulda","15":"tag-germany","16":"tag-hessen","17":"tag-lauterbach","18":"tag-nachrichten","19":"tag-neuhof","20":"tag-news","21":"tag-osthessen"},"share_on_mastodon":{"url":"https:\/\/pubeurope.com\/@de\/115386258877243231","error":""},"_links":{"self":[{"href":"https:\/\/www.europesays.com\/de\/wp-json\/wp\/v2\/posts\/504290","targetHints":{"allow":["GET"]}}],"collection":[{"href":"https:\/\/www.europesays.com\/de\/wp-json\/wp\/v2\/posts"}],"about":[{"href":"https:\/\/www.europesays.com\/de\/wp-json\/wp\/v2\/types\/post"}],"author":[{"embeddable":true,"href":"https:\/\/www.europesays.com\/de\/wp-json\/wp\/v2\/users\/2"}],"replies":[{"embeddable":true,"href":"https:\/\/www.europesays.com\/de\/wp-json\/wp\/v2\/comments?post=504290"}],"version-history":[{"count":0,"href":"https:\/\/www.europesays.com\/de\/wp-json\/wp\/v2\/posts\/504290\/revisions"}],"wp:featuredmedia":[{"embeddable":true,"href":"https:\/\/www.europesays.com\/de\/wp-json\/wp\/v2\/media\/504291"}],"wp:attachment":[{"href":"https:\/\/www.europesays.com\/de\/wp-json\/wp\/v2\/media?parent=504290"}],"wp:term":[{"taxonomy":"category","embeddable":true,"href":"https:\/\/www.europesays.com\/de\/wp-json\/wp\/v2\/categories?post=504290"},{"taxonomy":"post_tag","embeddable":true,"href":"https:\/\/www.europesays.com\/de\/wp-json\/wp\/v2\/tags?post=504290"}],"curies":[{"name":"wp","href":"https:\/\/api.w.org\/{rel}","templated":true}]}}