{"id":504296,"date":"2025-10-16T22:44:13","date_gmt":"2025-10-16T22:44:13","guid":{"rendered":"https:\/\/www.europesays.com\/de\/504296\/"},"modified":"2025-10-16T22:44:13","modified_gmt":"2025-10-16T22:44:13","slug":"attentat-auf-henriette-reker-in-koeln","status":"publish","type":"post","link":"https:\/\/www.europesays.com\/de\/504296\/","title":{"rendered":"Attentat auf Henriette Reker in K\u00f6ln"},"content":{"rendered":"<p class=\"article-header-description\">Henriette Reker ist wohl die einzige Politikerin Deutschlands, die im k\u00fcnstlichen Koma lag, als sie gew\u00e4hlt wurde: Die K\u00f6lner Oberb\u00fcrgermeisterin wurde vor zehn Jahren im Wahlkampf von einem Rechtsextremen niedergestochen.<\/p>\n<p>Hennen, Claudia | 17. Oktober 2025, 09:05 Uhr<\/p>\n<ul class=\"b-social-icons\">\n<li class=\"social-icons-item\">\n<p>  Abonnieren<\/p>\n<p>\n              PodcastKalenderblatt\n            <\/p>\n<p>                <img decoding=\"async\" loading=\"lazy\" class=\"internal-image\" title=\"Kalenderblatt\" alt=\"Kalenderblatt\" src=\"https:\/\/www.europesays.com\/de\/wp-content\/uploads\/2025\/08\/kalenderblatt-16x9-jpg-100-512x512.jpg\" \/><\/p>\n<p class=\"podcast-actions-description\">Hier wird Geschichte zum Leben erweckt: Das \u201eKalenderblatt\u201c von Deutschlandfunk l\u00e4dt zum Entdecken&#8230; Mehr anzeigen<\/p>\n<\/li>\n<li class=\"social-icons-item\">\n<p>                      Link kopieren\/teilen<\/p>\n<p class=\"snackbar-content\">Der Link wurde in die Zwischenablage kopiert.<\/p>\n<\/li>\n<li class=\"social-icons-item\"><a title=\"Email\" href=\"mailto:?subject=Als%20Henriette%20Reker%20von%20einem%20Rechtsextremen%20niedergestochen%20wurde&amp;body=Attentat%20in%20K%C3%B6ln%0AAttentat%20in%20K%C3%B6lnAls%20Henriette%20Reker%20von%20einem%20Rechtsextremen%20niedergestochen%20wurde%0AHenriette%20Reker%20ist%20wohl%20die%20einzige%20Politikerin%20Deutschlands%2C%20die%20im%20k%C3%BCnstlichen%20Koma%20lag%2C%20als%20sie%20gew%C3%A4hlt%20wurde%3A%20Die%20K%C3%B6lner%20Oberb%C3%BCrgermeisterin%20wurde%20vor%20zehn%20Jahren%20im%20Wahlkampf%20von%20einem%20Rechtsextremen%20niedergestochen.%0Ahttps%3A%2F%2Fwww.deutschlandfunk.de%2Fhenriette-reker-attentat-rechtsextremismus-100.html\" target=\"_blank\" rel=\"noopener noreferrer\" class=\"b-btn-social is-email\" data-tracking=\"{&quot;chapter1&quot;:&quot;Email&quot;,&quot;chapter3&quot;:&quot;Social Media&quot;,&quot;name&quot;:&quot;Social Media&quot;,&quot;chapter2&quot;:&quot;https:\/\/www.deutschlandfunk.de\/henriette-reker-attentat-rechtsextremismus-100.html&quot;,&quot;level2&quot;:&quot;1&quot;}\">\n<p>                      Email<\/a><\/li>\n<\/ul>\n","protected":false},"excerpt":{"rendered":"Henriette Reker ist wohl die einzige Politikerin Deutschlands, die im k\u00fcnstlichen Koma lag, als sie gew\u00e4hlt wurde: Die&hellip;\n","protected":false},"author":2,"featured_media":504297,"comment_status":"","ping_status":"","sticky":false,"template":"","format":"standard","meta":{"footnotes":""},"categories":[1828],"tags":[10174,29,30,126005,2659,1420,2841,1209,20393],"class_list":{"0":"post-504296","1":"post","2":"type-post","3":"status-publish","4":"format-standard","5":"has-post-thumbnail","7":"category-koeln","8":"tag-attentat","9":"tag-deutschland","10":"tag-germany","11":"tag-gewalt-gegen-politiker","12":"tag-henriette-reker","13":"tag-koeln","14":"tag-messerangriff","15":"tag-nordrhein-westfalen","16":"tag-rechtsextremist"},"share_on_mastodon":{"url":"https:\/\/pubeurope.com\/@de\/115386271264147821","error":""},"_links":{"self":[{"href":"https:\/\/www.europesays.com\/de\/wp-json\/wp\/v2\/posts\/504296","targetHints":{"allow":["GET"]}}],"collection":[{"href":"https:\/\/www.europesays.com\/de\/wp-json\/wp\/v2\/posts"}],"about":[{"href":"https:\/\/www.europesays.com\/de\/wp-json\/wp\/v2\/types\/post"}],"author":[{"embeddable":true,"href":"https:\/\/www.europesays.com\/de\/wp-json\/wp\/v2\/users\/2"}],"replies":[{"embeddable":true,"href":"https:\/\/www.europesays.com\/de\/wp-json\/wp\/v2\/comments?post=504296"}],"version-history":[{"count":0,"href":"https:\/\/www.europesays.com\/de\/wp-json\/wp\/v2\/posts\/504296\/revisions"}],"wp:featuredmedia":[{"embeddable":true,"href":"https:\/\/www.europesays.com\/de\/wp-json\/wp\/v2\/media\/504297"}],"wp:attachment":[{"href":"https:\/\/www.europesays.com\/de\/wp-json\/wp\/v2\/media?parent=504296"}],"wp:term":[{"taxonomy":"category","embeddable":true,"href":"https:\/\/www.europesays.com\/de\/wp-json\/wp\/v2\/categories?post=504296"},{"taxonomy":"post_tag","embeddable":true,"href":"https:\/\/www.europesays.com\/de\/wp-json\/wp\/v2\/tags?post=504296"}],"curies":[{"name":"wp","href":"https:\/\/api.w.org\/{rel}","templated":true}]}}