{"id":504321,"date":"2025-10-16T22:58:14","date_gmt":"2025-10-16T22:58:14","guid":{"rendered":"https:\/\/www.europesays.com\/de\/504321\/"},"modified":"2025-10-16T22:58:14","modified_gmt":"2025-10-16T22:58:14","slug":"the-voice-of-germany-tochter-von-ddr-star-sucht-halbschwester-unterhaltung","status":"publish","type":"post","link":"https:\/\/www.europesays.com\/de\/504321\/","title":{"rendered":"\u201eThe Voice of Germany\u201c: Tochter von DDR-Star sucht Halbschwester | Unterhaltung"},"content":{"rendered":"<p>Berlin \u2013 <b>Die Blind Auditions von \u201eThe Voice of Germany\u201c neigen sich dem Ende zu und eine Kandidatin ber\u00fchrte am Donnerstag nicht nur mit ihrem Gesang, sondern auch mit einer dramatischen Geschichte.<\/b><\/p>\n<p>Simone Kotowski wuchs in der <a href=\"https:\/\/www.bild.de\/themen\/orte\/ddr\/politik-nachrichten-news-fotos-videos-20442104.bild.html\" class=\"text-link\" target=\"_blank\" rel=\"noopener\">DDR<\/a> auf und sollte im Alter von sechs Jahren eine Schwester bekommen. Doch ihrer Mutter wurde das Kind weggenommen. Kotowoski unter Tr\u00e4nen: \u201eMan hat ihr Stunden sp\u00e4ter erkl\u00e4rt, es sei gestorben.\u201c Immer wieder besucht sie mit ihrem Stiefvater, dem Vater des Babys, den Ort des Geschehens. Doch Simones Mutter glaubte nie an das Schicksal des Neugeborenen: \u201eMeine Mutter sagte mir immer: Ich glaube, dass die Schwester noch lebt.\u201c <\/p>\n<p>Mehr zum ThemaSimone an ihre Schwester: \u201eMelde dich einfach, bitte!\u201c <\/p>\n<p>Die S\u00e4ngerin bef\u00fcrchtet, dass ihre Halbschwester vielleicht sogar verkauft wurde, und startet einen emotionalen Aufruf im TV: \u201eWenn du am 30.08.1968 geboren bist und du hast vielleicht rausgefunden, du bist Adoptivkind\u00a0\u2026 Bitte melde dich!\u201c<\/p>\n<p>F\u00fcr ihre Schwester singt Simone den Carpenters-Song \u201eClose to you\u201c und sorgt damit f\u00fcr einen Buzzer von <a href=\"https:\/\/www.bild.de\/unterhaltung\/stars-und-leute\/rea-garvey-im-steckbrief-so-lange-ist-der-the-voice-moderator-dabei-6729d895ebdb8724738e8fc0\" class=\"text-link\" target=\"_blank\" rel=\"noopener\">Rea Garvey<\/a> und den <a href=\"https:\/\/www.bild.de\/unterhaltung\/stars-und-leute\/fanta4-im-steckbrief-alle-infos-zur-beliebten-band-67fcf6fc0ee9a26755114587\" class=\"text-link\" target=\"_blank\" rel=\"noopener\">Fantas<\/a> Michi Beck (57) und <a href=\"https:\/\/www.bild.de\/unterhaltung\/stars-und-leute\/smudo-im-steckbrief-bei-dieser-bekannten-app-ist-er-involviert-65e99054bc47875ee97dfea6\" class=\"text-link\" target=\"_blank\" rel=\"noopener\">Smudo<\/a> (57). <\/p>\n<p><img decoding=\"async\" width=\"992\" height=\"599\" alt=\"Simone hofft, dass sich ihre Schwester nach ihrem emotionalen Auftritt im TV meldet\" src=\"https:\/\/www.europesays.com\/de\/wp-content\/uploads\/2025\/10\/c12cdf76db5d62d9dbeabecdeadcbdaf,8b392a05\"   class=\"dynamic\" loading=\"lazy\"\/><\/p>\n<p class=\"fig__caption__text\">Simone hofft, dass sich ihre Schwester nach ihrem emotionalen Auftritt im TV meldet<\/p>\n<p>Foto: Joyn\/Andr\u00e9 Kowalski<\/p>\n<p>Dann er\u00f6ffnet die 61-J\u00e4hrige au\u00dferdem, sie sei <a href=\"https:\/\/www.instagram.com\/p\/DO9hLVMjP6O\/\" rel=\"noopener\" class=\"text-link--external text-link\" target=\"_blank\">die Tochter eines bekannten Musikers: Henry \u201eCott\u2018n\u201c Kotowski<\/a>, Teil der legend\u00e4ren DDR-Band \u201eSputniks\u201c, die zwischenzeitlich sogar die \u201eBeatles des Ostens\u201c genannt wurden. Simone hat einen anderen Vater als ihre gesuchte Halbschwester. 2019 starb der Musiker, doch die Kandidatin f\u00fchlt sich ihrem Papa immer noch nahe: \u201eIch glaube schon, dass er von oben zuschaut.\u201c <\/p>\n<p><img decoding=\"async\" width=\"992\" height=\"558\" alt=\"Henry \u201eCott\u2018n\u201c Kotowski (\u202074) war ein deutscher Schlagzeuger, Gitarrist, S\u00e4nger und Komponist. Er wurde als Teil der \u201eSputniks\u201c bekannt, einer der bekanntesten ostdeutschen Beatbands\" src=\"https:\/\/www.europesays.com\/de\/wp-content\/uploads\/2025\/10\/c7415aa3ed945f8d5ce856ecac945a57,b8f2e71e\"   class=\"landscape\" loading=\"lazy\"\/><\/p>\n<p class=\"fig__caption__text\">Henry \u201eCott\u2018n\u201c Kotowski (\u202074) war ein deutscher Schlagzeuger, Gitarrist, S\u00e4nger und Komponist. Er wurde als Teil der \u201eSputniks\u201c bekannt, einer der bekanntesten ostdeutschen Beatbands<\/p>\n<p>Foto: imago images\/Ray van Zeschau<\/p>\n<p>Rea Garvey erinnert sich an kurioses Date<\/p>\n<p>Als Kotowski erz\u00e4hlt, dass sie immer wieder in kleinen Pianobars auftrat, erinnert sich Rea an eine kuriose Situation in einem Frankfurter Hotel. Dort spielte ein Pianist seinen Hit \u201eSupergirl\u201c, als er dort gerade mit seiner Frau sa\u00df. Garvey: \u201eIch dachte, er hat mich erkannt.\u201c Den Song hatte er f\u00fcr seine Ehefrau geschrieben und warf dem Musiker vor lauter Dankbarkeit einen Zwanziger in den Topf. Rea am\u00fcsiert: \u201eDer fragte: Wer bist du \u00fcberhaupt?\u201c<\/p>\n<p><img decoding=\"async\" width=\"992\" height=\"558\" alt=\"\u201eThe Voice of Germany\u201c-Juror Rea Garvey (51) plaudert in der TV-Show auch gerne mal aus dem privaten N\u00e4hk\u00e4stchen\" src=\"https:\/\/www.europesays.com\/de\/wp-content\/uploads\/2025\/10\/0ff7efaf46990ccc92ab66b0b0c578dc,694c2e7f\"   class=\"landscape\" loading=\"lazy\"\/><\/p>\n<p class=\"fig__caption__text\">\u201eThe Voice of Germany\u201c-Juror Rea Garvey (51) plaudert in der TV-Show auch gerne mal aus dem privaten N\u00e4hk\u00e4stchen<\/p>\n<p>Foto: Joyn<\/p>\n<p>Von der S\u00e4ngerin ist Rea zwar begeistert und buzzert, doch jetzt gesteht er: \u201eIch bin der absolut falsche Coach f\u00fcr dich.\u201c Warum, kann er nicht genau erkl\u00e4ren, zollt Simone jedoch gr\u00f6\u00dften Respekt: \u201eH\u00e4tte ich mich nicht umgedreht, h\u00e4tte ich mich selbst angelogen.\u201c <\/p>\n<p>Kotowski w\u00e4hlt die Fantas als \u201e<a href=\"https:\/\/www.bild.de\/unterhaltung\/tv\/the-voice\/the-voice-of-germany-alle-infos-76680822.bild.html\" class=\"text-link\" target=\"_blank\" rel=\"noopener\">The Voice<\/a>\u201c-Coach.<a href=\"https:\/\/www.bild.de\/unterhaltung\/tv-fernsehformate\/shirin-david-im-steckbrief-der-kometenhafte-aufstieg-der-moderatorin-647f1acb229ec026ad1ff069\" class=\"text-link\" target=\"_blank\" rel=\"noopener\"> Shirin David <\/a>(30) ist von Reas Geschichte jedoch \u00fcberw\u00e4ltigt: \u201eWie krass, dass du Supergirl f\u00fcr deine Frau geschrieben hast!\u201c Doch nicht nur das \u2013 Rea er\u00f6ffnet: \u201eIch habe meine Frau beim ersten Date gefragt, ob sie mich heiraten will.\u201c<\/p>\n<p> An dieser Stelle findest du Inhalte aus Instagram <\/p>\n<p> Um mit Inhalten aus Instagram und anderen sozialen Netzwerken zu interagieren oder diese darzustellen, brauchen wir deine Zustimmung. <\/p>\n<p> soziale Netzwerke aktivieren  Um eingebettete Inhalte anzuzeigen, ist Ihre jederzeit widerrufliche Einwilligung (\u00fcber den Schalter oder \u00fcber &#8220; <a class=\"embed-placeholder__text-link\" href=\"#\" rel=\"noopener noreferrer\" title=\"Tracking widerrufen\"> Widerruf Tracking und Cookies<\/a> &#8220; am Seitenende) zur Verarbeitung personenbezogener Daten n\u00f6tig.  Dabei k\u00f6nnen Daten in Drittl\u00e4nder wie die USA \u00fcbermittelt werden (Art. 49 Abs. 1 lit. a DSGVO). Mit dem Aktivieren des Inhalts stimmen Sie zu. Weitere Infos finden Sie <a class=\"embed-placeholder__text-link\" href=\"#\" rel=\"noopener noreferrer\" title=\"Zu den Privatsph\u00e4re Einstellungen\"> hier<\/a>. <script async src=\"\/\/www.instagram.com\/embed.js\"><\/script><\/p>\n","protected":false},"excerpt":{"rendered":"Berlin \u2013 Die Blind Auditions von \u201eThe Voice of Germany\u201c neigen sich dem Ende zu und eine Kandidatin&hellip;\n","protected":false},"author":2,"featured_media":504322,"comment_status":"","ping_status":"","sticky":false,"template":"","format":"standard","meta":{"footnotes":""},"categories":[1773],"tags":[13723,129,29,214,116431,30,12469,471,1780,45,1308,12468,215],"class_list":{"0":"post-504321","1":"post","2":"type-post","3":"status-publish","4":"format-standard","5":"has-post-thumbnail","7":"category-serien","8":"tag-castingshow","9":"tag-ddr","10":"tag-deutschland","11":"tag-entertainment","12":"tag-garvey-rea","13":"tag-germany","14":"tag-schwester","15":"tag-serien","16":"tag-series","17":"tag-texttospeech","18":"tag-the-voice","19":"tag-tochter","20":"tag-unterhaltung"},"share_on_mastodon":{"url":"https:\/\/pubeurope.com\/@de\/115386326487815694","error":""},"_links":{"self":[{"href":"https:\/\/www.europesays.com\/de\/wp-json\/wp\/v2\/posts\/504321","targetHints":{"allow":["GET"]}}],"collection":[{"href":"https:\/\/www.europesays.com\/de\/wp-json\/wp\/v2\/posts"}],"about":[{"href":"https:\/\/www.europesays.com\/de\/wp-json\/wp\/v2\/types\/post"}],"author":[{"embeddable":true,"href":"https:\/\/www.europesays.com\/de\/wp-json\/wp\/v2\/users\/2"}],"replies":[{"embeddable":true,"href":"https:\/\/www.europesays.com\/de\/wp-json\/wp\/v2\/comments?post=504321"}],"version-history":[{"count":0,"href":"https:\/\/www.europesays.com\/de\/wp-json\/wp\/v2\/posts\/504321\/revisions"}],"wp:featuredmedia":[{"embeddable":true,"href":"https:\/\/www.europesays.com\/de\/wp-json\/wp\/v2\/media\/504322"}],"wp:attachment":[{"href":"https:\/\/www.europesays.com\/de\/wp-json\/wp\/v2\/media?parent=504321"}],"wp:term":[{"taxonomy":"category","embeddable":true,"href":"https:\/\/www.europesays.com\/de\/wp-json\/wp\/v2\/categories?post=504321"},{"taxonomy":"post_tag","embeddable":true,"href":"https:\/\/www.europesays.com\/de\/wp-json\/wp\/v2\/tags?post=504321"}],"curies":[{"name":"wp","href":"https:\/\/api.w.org\/{rel}","templated":true}]}}