{"id":504411,"date":"2025-10-16T23:46:23","date_gmt":"2025-10-16T23:46:23","guid":{"rendered":"https:\/\/www.europesays.com\/de\/504411\/"},"modified":"2025-10-16T23:46:23","modified_gmt":"2025-10-16T23:46:23","slug":"angriff-mit-cutter-messer-mann-aus-garbsen-vor-gericht","status":"publish","type":"post","link":"https:\/\/www.europesays.com\/de\/504411\/","title":{"rendered":"Angriff mit Cutter-Messer? Mann aus Garbsen vor Gericht"},"content":{"rendered":"<p>        <img decoding=\"async\" src=\"https:\/\/www.europesays.com\/de\/wp-content\/uploads\/2025\/10\/hannover17938.webp\" alt=\"Das Landgericht Hannover\" title=\"Das Landgericht Hannover | NDR, Paola Mester\" class=\"responsive\"\/><\/p>\n<p>\n            Stand: 16.10.2025 16:34 Uhr<\/p>\n<p class=\"preface\">Am Landgericht Hannover ist am Donnerstag der Prozess gegen einen Mann aus Garbsen (Region Hannover) gestartet. Die Staatsanwaltschaft wirft dem 41-J\u00e4hrigen versuchten Mord vor. Das Opfer und ein Sachverst\u00e4ndiger sagten aus.<\/p>\n<p class=\"\">Der psychiatrische Sachverst\u00e4ndige gehe nach Angaben eines Gerichtssprechers beim Angeklagten von einer Schuldunf\u00e4higkeit aus. Als Begr\u00fcndung f\u00fchrte er eine seit Jahren gesichtert diagnostizierte, paranoiden Schizophrenie beim Angeklagten an. Der 41-J\u00e4hrige soll im Mai der Anklage zufolge wahllos an Wohnungst\u00fcren in Garbsen geklopft haben &#8211; und einen Bewohner mit einem Cutter-Messer <a href=\"https:\/\/www.ndr.de\/nachrichten\/niedersachsen\/hannover_weser-leinegebiet\/Nach-Angriff-Stich-Hals-an-Tuer-Mann-in-Psychiatrie,garbsen742.html\" title=\"Nach Angriff in Garbsen: 41-j\u00e4hriger Verd\u00e4chtiger in Psychiatrie\" rel=\"nofollow noopener\" target=\"_blank\">schwer im Hals verletzt<\/a> haben, als dieser die T\u00fcr \u00f6ffnete. Das Opfer schilderte den Vorfall am ersten Prozesstag aus seiner Sicht.<\/p>\n<p>    Angeklagter handelte mutma\u00dflich im Wahn<\/p>\n<p class=\"\">W\u00e4hrend der Beweisaufnahme am Donnerstag stellte das Gericht dem Sprecher zufolge fest, dass der 41-J\u00e4hrige am Tattag mutma\u00dflich im Wahn gehandelt hatte. Demnach war er davon ausgegangen, dass seine Schwester bedroht wurde. Diese wohne im selben Haus wie das Opfer, so der Gerichtssprecher. Weiter im Wahn habe der Beschuldigte au\u00dferdem geglaubt, die T\u00fcrschilder seien ausgetauscht worden. Der Angreifer war zun\u00e4chst geflohen, stellte sich dann aber sp\u00e4ter der Polizei. Er kam daraufhin in eine Psychiatrie. Die Staatsanwaltschaft h\u00e4lt ihn aber weiterhin f\u00fcr gef\u00e4hrlich, so der Gerichtssprecher. Darum werde das Gericht voraussichtlich am Montag dar\u00fcber entscheiden, ob er dauerhaft in einem psychiatrischen Krankenhaus untergebracht wird.<\/p>\n<p>        <img decoding=\"async\" src=\"https:\/\/www.europesays.com\/de\/wp-content\/uploads\/2025\/08\/polizei7214.webp\" alt=\"Zwei Einsatzkr\u00e4fte der Polizei f\u00fchren einen Mann mit angelegten Handschellen ab.\" title=\"Zwei Einsatzkr\u00e4fte der Polizei f\u00fchren einen Mann mit angelegten Handschellen ab. | NDR, Julius Matuschik\" class=\"responsive\" loading=\"lazy\"\/><\/p>\n<p>Der Mann soll in einem Wohnhaus wahllos an T\u00fcren geklopft haben. Als ein Bewohner \u00f6ffnete, soll er unvermittelt zugestochen haben.<\/p>\n<p>        <img decoding=\"async\" src=\"https:\/\/www.europesays.com\/de\/wp-content\/uploads\/2025\/08\/regionalh100.webp\" alt=\"Das Rathaus am Maschsee.\" title=\"Das Rathaus am Maschsee. | NDR, Julius Matuschik\" class=\"responsive\" loading=\"lazy\"\/><\/p>\n<p>\n                                    8 Min<\/p>\n<p>Was in Ihrer Region wichtig ist, h\u00f6ren Sie in dem Mitschnitt der 15.00 Uhr Regional-Nachrichten auf NDR 1 Niedersachsen.<\/p>\n<p>Dieses Thema im Programm:<\/p>\n<p>                NDR 1 Niedersachsen | Regional Hannover | 16.10.2025 | 08:30 Uhr<\/p>\n","protected":false},"excerpt":{"rendered":"Stand: 16.10.2025 16:34 Uhr Am Landgericht Hannover ist am Donnerstag der Prozess gegen einen Mann aus Garbsen (Region&hellip;\n","protected":false},"author":2,"featured_media":504412,"comment_status":"","ping_status":"","sticky":false,"template":"","format":"standard","meta":{"footnotes":""},"categories":[1836],"tags":[590,3364,29,9090,30,46,4933,2842,17930,14,15,1411],"class_list":{"0":"post-504411","1":"post","2":"type-post","3":"status-publish","4":"format-standard","5":"has-post-thumbnail","7":"category-hannover","8":"tag-aktuell","9":"tag-de","10":"tag-deutschland","11":"tag-garbsen","12":"tag-germany","13":"tag-hannover","14":"tag-landgericht","15":"tag-messerattacke","16":"tag-mordversuch","17":"tag-nachrichten","18":"tag-news","19":"tag-niedersachsen"},"share_on_mastodon":{"url":"https:\/\/pubeurope.com\/@de\/115386515137080153","error":""},"_links":{"self":[{"href":"https:\/\/www.europesays.com\/de\/wp-json\/wp\/v2\/posts\/504411","targetHints":{"allow":["GET"]}}],"collection":[{"href":"https:\/\/www.europesays.com\/de\/wp-json\/wp\/v2\/posts"}],"about":[{"href":"https:\/\/www.europesays.com\/de\/wp-json\/wp\/v2\/types\/post"}],"author":[{"embeddable":true,"href":"https:\/\/www.europesays.com\/de\/wp-json\/wp\/v2\/users\/2"}],"replies":[{"embeddable":true,"href":"https:\/\/www.europesays.com\/de\/wp-json\/wp\/v2\/comments?post=504411"}],"version-history":[{"count":0,"href":"https:\/\/www.europesays.com\/de\/wp-json\/wp\/v2\/posts\/504411\/revisions"}],"wp:featuredmedia":[{"embeddable":true,"href":"https:\/\/www.europesays.com\/de\/wp-json\/wp\/v2\/media\/504412"}],"wp:attachment":[{"href":"https:\/\/www.europesays.com\/de\/wp-json\/wp\/v2\/media?parent=504411"}],"wp:term":[{"taxonomy":"category","embeddable":true,"href":"https:\/\/www.europesays.com\/de\/wp-json\/wp\/v2\/categories?post=504411"},{"taxonomy":"post_tag","embeddable":true,"href":"https:\/\/www.europesays.com\/de\/wp-json\/wp\/v2\/tags?post=504411"}],"curies":[{"name":"wp","href":"https:\/\/api.w.org\/{rel}","templated":true}]}}