{"id":504413,"date":"2025-10-16T23:47:30","date_gmt":"2025-10-16T23:47:30","guid":{"rendered":"https:\/\/www.europesays.com\/de\/504413\/"},"modified":"2025-10-16T23:47:30","modified_gmt":"2025-10-16T23:47:30","slug":"hannover-haelt-an-hilfsangebot-fuer-kinder-aus-gaza-fest-3","status":"publish","type":"post","link":"https:\/\/www.europesays.com\/de\/504413\/","title":{"rendered":"Hannover h\u00e4lt an Hilfsangebot f\u00fcr Kinder aus Gaza fest"},"content":{"rendered":"<p>&#13;<br \/>\n            Hannover. Die Stadt Hannover will weiterhin bis zu 20 kranke und verletzte Kinder aus dem Gazastreifen und aus Israel aufnehmen. Oberb\u00fcrgermeister Belit Onay (Gr\u00fcne) bekr\u00e4ftigte das Hilfsangebot, das die Stadt bereits Ende Juli gemeinsam mit mehreren anderen deutschen Gro\u00dfst\u00e4dten an die Bundesregierung gerichtet hatte. <\/p>\n<p>Man stehe weiterhin zu der Initiative, die von der Stadt gemeinsam mit dem Landesverband der J\u00fcdischen Gemeinden in Niedersachsen, der Pal\u00e4stinensischen Gemeinde Hannover und dem Antisemitismusbeauftragten des Landes getragen wird, sagte Onay. Auch nach dem Eintritt der Waffenruhe und der Freilassung der Geiseln sei das Leid der Bev\u00f6lkerung, insbesondere der Kinder, nach wie vor gro\u00df. <\/p>\n<p>          &#13;<br \/>\n            Onay: Hannover ist vorbereitet <\/p>\n<p>Neben Hannover hatten sich auch St\u00e4dte wie Bremen, D\u00fcsseldorf, Leipzig, Bonn, Frankfurt und Kiel der Initiative angeschlossen. Eine offizielle Antwort der Bundesregierung auf das gemeinsame Hilfsangebot stehe bislang noch aus. \u201eIn Hannover sind wir darauf vorbereitet, im Falle eines positiven Signals der Bundesregierung sofort agieren zu k\u00f6nnen\u201c, betonte Onay. <\/p>\n<p>Auch die evangelischen Kirchen in Niedersachsen unterst\u00fctzen die Initiative. \u201eWir werden im Rahmen unserer M\u00f6glichkeiten die Behandlung von Kindern aus Gaza und Israel in Hannover und wenn m\u00f6glich an anderen Orten in Niedersachsen aktiv mitunterst\u00fctzen\u201c, hei\u00dft es in einem Brief der Kirchen an die Bundesregierung. <\/p>\n","protected":false},"excerpt":{"rendered":"&#13; Hannover. Die Stadt Hannover will weiterhin bis zu 20 kranke und verletzte Kinder aus dem Gazastreifen und&hellip;\n","protected":false},"author":2,"featured_media":504414,"comment_status":"","ping_status":"","sticky":false,"template":"","format":"standard","meta":{"footnotes":""},"categories":[1836],"tags":[30785,3364,29,30,46,411,1114,8221,4046,1411,9326],"class_list":{"0":"post-504413","1":"post","2":"type-post","3":"status-publish","4":"format-standard","5":"has-post-thumbnail","7":"category-hannover","8":"tag-palstinensische-gebiete","9":"tag-de","10":"tag-deutschland","11":"tag-germany","12":"tag-hannover","13":"tag-israel","14":"tag-kinder","15":"tag-konflikte","16":"tag-krieg","17":"tag-niedersachsen","18":"tag-updateme"},"share_on_mastodon":{"url":"https:\/\/pubeurope.com\/@de\/115386518423233887","error":""},"_links":{"self":[{"href":"https:\/\/www.europesays.com\/de\/wp-json\/wp\/v2\/posts\/504413","targetHints":{"allow":["GET"]}}],"collection":[{"href":"https:\/\/www.europesays.com\/de\/wp-json\/wp\/v2\/posts"}],"about":[{"href":"https:\/\/www.europesays.com\/de\/wp-json\/wp\/v2\/types\/post"}],"author":[{"embeddable":true,"href":"https:\/\/www.europesays.com\/de\/wp-json\/wp\/v2\/users\/2"}],"replies":[{"embeddable":true,"href":"https:\/\/www.europesays.com\/de\/wp-json\/wp\/v2\/comments?post=504413"}],"version-history":[{"count":0,"href":"https:\/\/www.europesays.com\/de\/wp-json\/wp\/v2\/posts\/504413\/revisions"}],"wp:featuredmedia":[{"embeddable":true,"href":"https:\/\/www.europesays.com\/de\/wp-json\/wp\/v2\/media\/504414"}],"wp:attachment":[{"href":"https:\/\/www.europesays.com\/de\/wp-json\/wp\/v2\/media?parent=504413"}],"wp:term":[{"taxonomy":"category","embeddable":true,"href":"https:\/\/www.europesays.com\/de\/wp-json\/wp\/v2\/categories?post=504413"},{"taxonomy":"post_tag","embeddable":true,"href":"https:\/\/www.europesays.com\/de\/wp-json\/wp\/v2\/tags?post=504413"}],"curies":[{"name":"wp","href":"https:\/\/api.w.org\/{rel}","templated":true}]}}