{"id":504418,"date":"2025-10-16T23:50:14","date_gmt":"2025-10-16T23:50:14","guid":{"rendered":"https:\/\/www.europesays.com\/de\/504418\/"},"modified":"2025-10-16T23:50:14","modified_gmt":"2025-10-16T23:50:14","slug":"messer-attacke-frau-springt-aus-fenster-querschnittsgelaehmt-regional","status":"publish","type":"post","link":"https:\/\/www.europesays.com\/de\/504418\/","title":{"rendered":"Messer-Attacke: Frau springt aus Fenster \u2013 querschnittsgel\u00e4hmt | Regional"},"content":{"rendered":"<p>Bremen \u2013 <b>W\u00e4hrend ER schweigend im Saal sitzt und durch seinen Anwalt das Gericht fragen l\u00e4sst, wann er endlich mit seinem Bruder telefonieren darf, ist SIE f\u00fcr ihr Leben gezeichnet. Narben, Br\u00fcche, Schmerzen \u2013 und ein K\u00f6rper, der nie wieder laufen kann. Marie G. (33) wird f\u00fcr immer im Rollstuhl sitzen. Ihr Leben wurde in einer einzigen Nacht zerst\u00f6rt.<\/b><\/p>\n<p>Auf der Anklagebank: Raymond Richard King A. (39) aus Ghana. Die <a href=\"https:\/\/www.bild.de\/themen\/organisationen\/staatsanwaltschaft-alle-infos-und-news-KDJzQvfvRkaBLQ0vXYpd\" class=\"text-link\" target=\"_blank\" rel=\"noopener\">Staatsanwaltschaft<\/a> wirft ihm vor, am 24. April gegen 3.10 Uhr in Bremen versucht zu haben, seine fr\u00fchere Lebensgef\u00e4hrtin heimt\u00fcckisch zu ermorden. Nach \u00dcberzeugung der Staatsanwaltschaft geschah die Tat, weil Marie ihm zuvor gesagt hatte, dass sie sich endg\u00fcltig trennen wolle. F\u00fcr ihn offenbar unertr\u00e4glich.<\/p>\n<p><img decoding=\"async\" width=\"992\" height=\"558\" alt=\"Opfer-Anw\u00e4ltin spricht von einem versuchten Femizid und fordert die H\u00f6chststrafe f\u00fcr Raymond Richard King A.\" src=\"https:\/\/www.europesays.com\/de\/wp-content\/uploads\/2025\/10\/08e84220b8561244617eeb12dc8b71a6,4f38537f\"   class=\"landscape\" loading=\"lazy\"\/><\/p>\n<p class=\"fig__caption__text\">Opfer-Anw\u00e4ltin spricht von versuchtem Femizid und fordert die H\u00f6chststrafe f\u00fcr Raymond Richard King A. <\/p>\n<p>Foto: emha<\/p>\n<p>Er stach im Schlaf auf die Mutter ein <\/p>\n<p>Laut Staatsanwalt soll Marie im Schlaf \u00fcberrascht worden sein. Ohne Vorwarnung sei der Angeklagte in die Wohnung gekommen, habe sich nicht bemerkbar gemacht. In seiner Hand: ein 19 Zentimeter langes <a href=\"https:\/\/www.bild.de\/themen\/specials\/nahkampfwaffen\/news-fotos-videos-17014754.bild.html\" class=\"text-link\" target=\"_blank\" rel=\"noopener\">Messer<\/a>. Dann, so die Anklage, stach er zu: mitten in ihren Hals, nur Millimeter neben die Halsschlagader.<\/p>\n<p>Die kleinen Kinder mussten alles mitansehen<\/p>\n<p>Marie wachte im Blut auf, schrie, versuchte zu fliehen. Doch der Mann, den sie einmal liebte, schlug ihr mehrmals ins Gesicht, schleifte sie an den Haaren ins Wohnzimmer. Dort stach er erneut zu, dieses Mal in den R\u00fccken. Opfer-Anw\u00e4ltin Christina Walter sagt zu BILD: \u201eIhre kleinen Kinder haben die Tat teilweise mitansehen m\u00fcssen.\u201c<\/p>\n<p>Mehr zum Thema<\/p>\n<p><a href=\"https:\/\/www.bild.de\/regional\/bremen\/bremen-frau-stuerzt-aus-fenster-verdacht-auf-versuchtes-toetungsdelikt-680a010d716a613fb78076e6\" class=\"text-link\" target=\"_blank\" rel=\"noopener\"><b>In Todesangst sprang Marie aus dem Fenster<\/b><\/a><b>, zwei Stockwerke tief, mit den Beinen voran. Sie schlug auf dem Boden auf, \u00fcberlebte nur knapp. Neben den lebensgef\u00e4hrlichen Stichverletzungen, trug sie mehrere Br\u00fcche an Nase, Fu\u00df, Knochen und Bein davon.<\/b><\/p>\n<p><img decoding=\"async\" width=\"992\" height=\"558\" alt=\"In der Stra\u00dfe Fleetrade in Bremen im Ortsteil Hastedt geschah das Verbrechen\" src=\"https:\/\/www.europesays.com\/de\/wp-content\/uploads\/2025\/10\/4653a72d0f903c554a993af6bd36a3fd,25f1d687\"   class=\"landscape\" loading=\"lazy\"\/><\/p>\n<p class=\"fig__caption__text\">In der Stra\u00dfe Fleetrade in Hemelingen geschah das Verbrechen<\/p>\n<p>Foto: emha<\/p>\n<p>\u201eEs ist ein versuchter Femizid\u201c <\/p>\n<p>Walter sagt zu BILD: \u201eEs geht meiner Mandantin \u00fcberhaupt nicht gut. Sie hat erheblichste Verletzungen davongetragen, konnte nur durch eine elfst\u00fcndige Not-OP gerettet werden und ist seitdem querschnittsgel\u00e4hmt.\u201c<\/p>\n<p><b>Und weiter: \u201eWir haben es hier mit geschlechtsspezifischer Gewalt zu tun, mit einem versuchten Femizid. Wir fordern die maximale H\u00f6chststrafe.\u201c <\/b><\/p>\n<p>Versuchter Mord kann mit lebenslang bestraft werden. Der Prozess geht am 28. Oktober weiter.<\/p>\n<p>Korrektur: In einer fr\u00fcheren Version dieses Artikels schrieben wir, dass die H\u00f6chststrafe f\u00fcr versuchten Mord 15 Jahre Haft betr\u00e4gt. Das ist nicht korrekt. Die H\u00f6chststrafe bedeutet lebenslang. Wir bitten, den Fehler zu entschuldigen.<\/p>\n","protected":false},"excerpt":{"rendered":"Bremen \u2013 W\u00e4hrend ER schweigend im Saal sitzt und durch seinen Anwalt das Gericht fragen l\u00e4sst, wann er&hellip;\n","protected":false},"author":2,"featured_media":504419,"comment_status":"","ping_status":"","sticky":false,"template":"","format":"standard","meta":{"footnotes":""},"categories":[1824],"tags":[2140,18929,2420,3364,29,6063,126,30,1114,18706,1981,16706,7410,45,1995],"class_list":{"0":"post-504418","1":"post","2":"type-post","3":"status-publish","4":"format-standard","5":"has-post-thumbnail","7":"category-bremen","8":"tag-angriff","9":"tag-angst","10":"tag-bremen","11":"tag-de","12":"tag-deutschland","13":"tag-femizid","14":"tag-frau","15":"tag-germany","16":"tag-kinder","17":"tag-landgericht-bremen","18":"tag-messer","19":"tag-rechtsanwalt","20":"tag-rollstuhl","21":"tag-texttospeech","22":"tag-verbrechen"},"share_on_mastodon":{"url":"https:\/\/pubeurope.com\/@de\/115386531100011588","error":""},"_links":{"self":[{"href":"https:\/\/www.europesays.com\/de\/wp-json\/wp\/v2\/posts\/504418","targetHints":{"allow":["GET"]}}],"collection":[{"href":"https:\/\/www.europesays.com\/de\/wp-json\/wp\/v2\/posts"}],"about":[{"href":"https:\/\/www.europesays.com\/de\/wp-json\/wp\/v2\/types\/post"}],"author":[{"embeddable":true,"href":"https:\/\/www.europesays.com\/de\/wp-json\/wp\/v2\/users\/2"}],"replies":[{"embeddable":true,"href":"https:\/\/www.europesays.com\/de\/wp-json\/wp\/v2\/comments?post=504418"}],"version-history":[{"count":0,"href":"https:\/\/www.europesays.com\/de\/wp-json\/wp\/v2\/posts\/504418\/revisions"}],"wp:featuredmedia":[{"embeddable":true,"href":"https:\/\/www.europesays.com\/de\/wp-json\/wp\/v2\/media\/504419"}],"wp:attachment":[{"href":"https:\/\/www.europesays.com\/de\/wp-json\/wp\/v2\/media?parent=504418"}],"wp:term":[{"taxonomy":"category","embeddable":true,"href":"https:\/\/www.europesays.com\/de\/wp-json\/wp\/v2\/categories?post=504418"},{"taxonomy":"post_tag","embeddable":true,"href":"https:\/\/www.europesays.com\/de\/wp-json\/wp\/v2\/tags?post=504418"}],"curies":[{"name":"wp","href":"https:\/\/api.w.org\/{rel}","templated":true}]}}