{"id":504436,"date":"2025-10-17T00:01:16","date_gmt":"2025-10-17T00:01:16","guid":{"rendered":"https:\/\/www.europesays.com\/de\/504436\/"},"modified":"2025-10-17T00:01:16","modified_gmt":"2025-10-17T00:01:16","slug":"europa-league-im-tv-livestream-und-im-liveticker","status":"publish","type":"post","link":"https:\/\/www.europesays.com\/de\/504436\/","title":{"rendered":"Europa League im TV, Livestream und im Liveticker"},"content":{"rendered":"<p class=\"css-1q8kfuz\">Am 3. Spieltag der Europa League gastiert der VfB Stuttgart bei Fenerbahce Istanbul. Wer \u00fcbertr\u00e4gt das Spiel? Und wo gibt&#8217;s einen Ticker? <strong>ran<\/strong> hat alle Infos zusammengefasst.<\/p>\n<p class=\"css-1cmglxz\">Auf den <a href=\"https:\/\/www.ran.de\/sports\/fussball\/vfb-stuttgart\" target=\"_blank\" rel=\"noopener\">VfB Stuttgart<\/a> wartet am dritten Ligaphasen-Spieltag der <a href=\"https:\/\/www.ran.de\/sports\/fussball\/europa-league\" target=\"_blank\" rel=\"noopener\">Europa League<\/a> eine ganz schwierige Aufgabe. Die Schwaben m\u00fcssen nach Istanbul reisen und im S\u00fckr\u00fc Saracoglu Stadium bestehen.<\/p>\n<p class=\"css-1cmglxz\">Die Mannschaft von Trainer Sebastian Hoene\u00df hat im Wettbewerb mit dem 2:1-Heimerfolg gegen Celta Vigo eigentlich einen Start nach Ma\u00df erwischt.<\/p>\n<p class=\"css-1cmglxz\">Eine Woche sp\u00e4ter erwischten die Schwaben aber beim FC Basel einen absolut gebrauchten Tag. Der Bundesligisten gab gegen das Team aus der Schweiz 29 Sch\u00fcsse ab, erzielte aber keinen einzigen Treffer. Ermedin Demirovic vergab unter anderem einen Elfmeter, weshalb am Ende eine unbefriedigende 0:2-Pleite auf dem Tableau stand.<\/p>\n<p class=\"css-1cmglxz\">Apropos Demirovic: Der Mittelst\u00fcrmer, der sich abgesehen von der Basel-Partie bislang sehr treffsicher gezeigt hat, wird dem VfB monatelang fehlen und damit auch in Istanbul nicht zur Verf\u00fcgung stehen. Immerhin kehrt daf\u00fcr Deniz Undav zur\u00fcck und soll f\u00fcr Torgefahr sorgen.<\/p>\n<p class=\"css-1cmglxz\">In der <a href=\"https:\/\/www.ran.de\/sports\/fussball\/bundesliga\" target=\"_blank\" rel=\"noopener\">Bundesliga<\/a> lief es f\u00fcr die Schwaben zuletzt gut, was Rang vier in der Tabelle widerspiegelt. Gegner Fenerbahce rangiert in der t\u00fcrkischen S\u00fcper Lig ebenfalls an der vierten Position, was jedoch nicht ganz zufriedenstellend ist.<\/p>\n<p class=\"css-1cmglxz\">In der Europa League gab es f\u00fcr die T\u00fcrken nach einem 1:3 in Zagreb einen 2:1-Heimsieg gegen Nizza, womit Fenerbahce in der Tabelle auf Platz 20 und damit knapp vor dem VfB rangiert.<\/p>\n<p class=\"css-1cmglxz\">Die Ausgangslage vor der Partie ist v\u00f6llig offen.\u00a0<strong>ran<\/strong> hat alle Informationen zum Match zusammengefasst.<\/p>\n<p>Stuttgart bei Fenerbahce heute live: Wo l\u00e4uft das Europa-League-Spiel im Free-TV?<\/p>\n<p class=\"css-1cmglxz\">RTL zeigt an jedem Europa-League-Spieltag eine Partie im Free-TV. Am 3. Spieltag wird jedoch das Duell zwischen Freiburg und Utrecht live \u00fcbertragen. Folgerichtig ist Stuttgart vs. Istanbul nicht im Free-TV zu sehen.<\/p>\n<p>Stuttgart gastiert in Istanbul: Wo gibt es heute einen Livestream zur Europa League?<\/p>\n<p class=\"css-1cmglxz\">Das Duell zwischen Fenerbahce Istanbul und dem VfB Stuttgart l\u00e4uft im Livestream auf RTL+. Hierf\u00fcr ist jedoch ein kostenpflichtiges Abo n\u00f6tig.<\/p>\n<p>Fenerbahce empf\u00e4ngt den VfB Stuttgart: Wo gibt es einen Liveticker zur Europa League?<\/p>\n<p class=\"css-1cmglxz\">Einen Liveticker zu Fenerbahce Istanbul vs. VfB Stuttgart gibt es wie gewohnt auf <a href=\"https:\/\/www.ran.de\/sports\/ticker\/ma11586569\/liveticker?from=%2Fsports%2Ffussball%2Feuropa-league%2Fspielplan\" target=\"_blank\" rel=\"noopener\">ran.de<\/a><\/p>\n","protected":false},"excerpt":{"rendered":"Am 3. Spieltag der Europa League gastiert der VfB Stuttgart bei Fenerbahce Istanbul. Wer \u00fcbertr\u00e4gt das Spiel? Und&hellip;\n","protected":false},"author":2,"featured_media":504437,"comment_status":"","ping_status":"","sticky":false,"template":"","format":"standard","meta":{"footnotes":""},"categories":[1830],"tags":[1634,3364,22496,29,26761,5855,13918,347,30,9150,3497,1441,126015,2915],"class_list":{"0":"post-504436","1":"post","2":"type-post","3":"status-publish","4":"format-standard","5":"has-post-thumbnail","7":"category-stuttgart","8":"tag-baden-wuerttemberg","9":"tag-de","10":"tag-deniz-undav","11":"tag-deutschland","12":"tag-ermedin-demirovic","13":"tag-europa-league","14":"tag-fenerbahce-istanbul","15":"tag-fussball","16":"tag-germany","17":"tag-livestream","18":"tag-sebastian-hoeness","19":"tag-stuttgart","20":"tag-tv-uebertragung","21":"tag-vfb-stuttgart"},"share_on_mastodon":{"url":"https:\/\/pubeurope.com\/@de\/115386573510206326","error":""},"_links":{"self":[{"href":"https:\/\/www.europesays.com\/de\/wp-json\/wp\/v2\/posts\/504436","targetHints":{"allow":["GET"]}}],"collection":[{"href":"https:\/\/www.europesays.com\/de\/wp-json\/wp\/v2\/posts"}],"about":[{"href":"https:\/\/www.europesays.com\/de\/wp-json\/wp\/v2\/types\/post"}],"author":[{"embeddable":true,"href":"https:\/\/www.europesays.com\/de\/wp-json\/wp\/v2\/users\/2"}],"replies":[{"embeddable":true,"href":"https:\/\/www.europesays.com\/de\/wp-json\/wp\/v2\/comments?post=504436"}],"version-history":[{"count":0,"href":"https:\/\/www.europesays.com\/de\/wp-json\/wp\/v2\/posts\/504436\/revisions"}],"wp:featuredmedia":[{"embeddable":true,"href":"https:\/\/www.europesays.com\/de\/wp-json\/wp\/v2\/media\/504437"}],"wp:attachment":[{"href":"https:\/\/www.europesays.com\/de\/wp-json\/wp\/v2\/media?parent=504436"}],"wp:term":[{"taxonomy":"category","embeddable":true,"href":"https:\/\/www.europesays.com\/de\/wp-json\/wp\/v2\/categories?post=504436"},{"taxonomy":"post_tag","embeddable":true,"href":"https:\/\/www.europesays.com\/de\/wp-json\/wp\/v2\/tags?post=504436"}],"curies":[{"name":"wp","href":"https:\/\/api.w.org\/{rel}","templated":true}]}}