{"id":50444,"date":"2025-04-21T21:07:09","date_gmt":"2025-04-21T21:07:09","guid":{"rendered":"https:\/\/www.europesays.com\/de\/50444\/"},"modified":"2025-04-21T21:07:09","modified_gmt":"2025-04-21T21:07:09","slug":"fruehlingsfest-laeuft-wieder-fuenf-verletzte-nach-kettenkarussell-unfall-in-bayreuth-nordbayerischer-kurier","status":"publish","type":"post","link":"https:\/\/www.europesays.com\/de\/50444\/","title":{"rendered":"Fr\u00fchlingsfest l\u00e4uft wieder : F\u00fcnf Verletzte nach Kettenkarussell-Unfall in Bayreuth &#8211; Nordbayerischer Kurier"},"content":{"rendered":"<ol>\n<li><a href=\"https:\/\/news.google.com\/rss\/articles\/CBMi5gFBVV95cUxPQ0E1MWdsRmpTMHUzWnJVZXdPSWpWVjAxR0cwRkVqemU1N01tVk9qX25ZemdJeGtlWU5FZElCUXhydlE5ZWZzbW5vNkRhRW5SWUZuX1BrRUVKY1F6NXVYT1hlV2Fya0VIaEpfbGN3UTVSUGs1Sml2ZTBoblNMaDQ3cEstUjh6RUVXckplVkhIdWlYd0hUcWJVNFN4THFLXzgzZEprRjRVRzd1eTNTOWtBaDVIdW51YmdCTF9yT0xCVm02OVlVS2hzb3l1ZGFZOGZzYjJYN0Z5XzcxakRjRnZwaHdzMk9adw?oc=5\" target=\"_blank\" rel=\"noopener\">Fr\u00fchlingsfest l\u00e4uft wieder : F\u00fcnf Verletzte nach Kettenkarussell-Unfall in Bayreuth<\/a>&nbsp;&nbsp;Nordbayerischer Kurier<\/li>\n<li><a href=\"https:\/\/news.google.com\/rss\/articles\/CBMi4AFBVV95cUxPbERxei1FN2JzLUpwQkttVm5Lel8yLU1zRS1lQVJjNVNWU1UyVnJvMW5RUmtnYnNMaFBQdXpKd3lJRlZDa3ViTDJoc0tNazJFcEs1SmFjeDBNUWUyTHJ0dGJMSl96SEg3UWFaU01sX1JaTVN1dHc5bEhKWGRPWWR4S0xrSW1QWmRtOHk3N2NST2hOUGNTekE1NE5COHNvWXltSkRDdWlPNld1Z29PaDUyM0taeXV5cG5rVHZ3aUhNd2V4OGhfM2pBTExDTlcyV0RUb010ZzF6Zk1Dak11c0c0VA?oc=5\" target=\"_blank\" rel=\"noopener\">Bayreuth: Mehrere Verletzte bei Unfall mit Kettenkarussell auf Fr\u00fchlingsfest<\/a>&nbsp;&nbsp;Spiegel<\/li>\n<li><a href=\"https:\/\/news.google.com\/rss\/articles\/CBMiqwFBVV95cUxNVFVLN294VFlBSjUta0NXdW9jb2JMeTMxeXRrbmE2a3ZPZ1JoRlBsMFEwR1FNLXVQS0RUUHJYYjEwdXBUT1hUMDV5RWdTNXRMMDc5Z2xuZ2Q0M2RmdVBXc2xmRVZNMU9qLWJFb2h0ZDdrVVJJOENsT1JxYUlOX1ZIV1N1QW4ybG9QUGtVZWRpNjBTczlGT0tLVWZmMXdfcHQtZHZQSTdYckR2Zzg?oc=5\" target=\"_blank\" rel=\"noopener\">Unfall auf Bayreuther Fr\u00fchlingsfest: Mindestens f\u00fcnf Verletze<\/a>&nbsp;&nbsp;BR<\/li>\n<li><a href=\"https:\/\/news.google.com\/rss\/articles\/CBMivgFBVV95cUxNN2hzOTI4U2ZSY0VCekRBaWF6YUd5b1FOZVRHYTRwaENkclZCb0JCRklIb0doN0hxcEVLWWJyS2ZqUDZVamZCSUowa1F2WDdLUWF4QnAtZmliSlY0T05FaklLT1dMbkdCVGRMWjdFckNPNVIxajBpdFFQcmNMVjZtQUc0Rm5JYmNsOG5DbXZyQmdRanhDX05YRHlyanZiaW44OXZIcHNfZ0RJcEQzU0x1MWNSTnlkd0YzVWZBamd3?oc=5\" target=\"_blank\" rel=\"noopener\">Fr\u00fchlingsfest in Bayreuth: F\u00fcnf Verletzte bei Unfall mit Kettenkarussell<\/a>&nbsp;&nbsp;BILD<\/li>\n<li><a href=\"https:\/\/news.google.com\/rss\/articles\/CBMiiAJBVV95cUxOVzlBYVRCZkdjUllCZXBLNlVNc3pzUm9iaF9lTkRraXlZNDVoSndfdWVZMlpUVUU5ckw3S2syMTZqUnRhR1ZUSzlCeTVvWTVlXzJhSjVDaEhpbXdXYVlmWjRJbnQ2b1g5cXM2eVBtZWstXzJ0bHQyc3ItQi1RSVVrQ09WYUxDYkhtZjA3WDBzMFVtWVFlMXBxYk9uTkZISnluZml3ZzgtSTV2eXpCb1dsRmlTM0ZNZjBhVWNfVHRFc181Z2JTLUVYOHcxQm0wRnlxZ3p2Vjl3X2ZDQjZ0QXoyZHhvX2pqRXNwZjlfTWh6dVlQMl93QXgwQS0yVFA1Z3doS1kyTUpCQmU?oc=5\" target=\"_blank\" rel=\"noopener\">Zahlreiche Rettungskr\u00e4fte im Einsatz Sechs Verletzte bei Unfall mit Kettenkarussell auf Bayreuther Fr\u00fchlingsfest<\/a>&nbsp;&nbsp;Tagesspiegel<\/li>\n<\/ol>\n","protected":false},"excerpt":{"rendered":"Fr\u00fchlingsfest l\u00e4uft wieder : F\u00fcnf Verletzte nach Kettenkarussell-Unfall in Bayreuth&nbsp;&nbsp;Nordbayerischer Kurier Bayreuth: Mehrere Verletzte bei Unfall mit Kettenkarussell&hellip;\n","protected":false},"author":2,"featured_media":50445,"comment_status":"","ping_status":"","sticky":false,"template":"","format":"standard","meta":{"footnotes":""},"categories":[2],"tags":[5899,1950,29,30,13,14,15,12,4741,24227,10,8,9,11],"class_list":{"0":"post-50444","1":"post","2":"type-post","3":"status-publish","4":"format-standard","5":"has-post-thumbnail","7":"category-deutschland","8":"tag-bayreuth","9":"tag-blaulicht","10":"tag-deutschland","11":"tag-germany","12":"tag-headlines","13":"tag-nachrichten","14":"tag-news","15":"tag-schlagzeilen","16":"tag-stuttgarter-fruehlingsfest","17":"tag-thema-unfaelle","18":"tag-top-news","19":"tag-top-meldungen","20":"tag-topmeldungen","21":"tag-topnews"},"share_on_mastodon":{"url":"https:\/\/pubeurope.com\/@de\/114377998028896533","error":""},"_links":{"self":[{"href":"https:\/\/www.europesays.com\/de\/wp-json\/wp\/v2\/posts\/50444","targetHints":{"allow":["GET"]}}],"collection":[{"href":"https:\/\/www.europesays.com\/de\/wp-json\/wp\/v2\/posts"}],"about":[{"href":"https:\/\/www.europesays.com\/de\/wp-json\/wp\/v2\/types\/post"}],"author":[{"embeddable":true,"href":"https:\/\/www.europesays.com\/de\/wp-json\/wp\/v2\/users\/2"}],"replies":[{"embeddable":true,"href":"https:\/\/www.europesays.com\/de\/wp-json\/wp\/v2\/comments?post=50444"}],"version-history":[{"count":0,"href":"https:\/\/www.europesays.com\/de\/wp-json\/wp\/v2\/posts\/50444\/revisions"}],"wp:featuredmedia":[{"embeddable":true,"href":"https:\/\/www.europesays.com\/de\/wp-json\/wp\/v2\/media\/50445"}],"wp:attachment":[{"href":"https:\/\/www.europesays.com\/de\/wp-json\/wp\/v2\/media?parent=50444"}],"wp:term":[{"taxonomy":"category","embeddable":true,"href":"https:\/\/www.europesays.com\/de\/wp-json\/wp\/v2\/categories?post=50444"},{"taxonomy":"post_tag","embeddable":true,"href":"https:\/\/www.europesays.com\/de\/wp-json\/wp\/v2\/tags?post=50444"}],"curies":[{"name":"wp","href":"https:\/\/api.w.org\/{rel}","templated":true}]}}