{"id":504462,"date":"2025-10-17T00:15:19","date_gmt":"2025-10-17T00:15:19","guid":{"rendered":"https:\/\/www.europesays.com\/de\/504462\/"},"modified":"2025-10-17T00:15:19","modified_gmt":"2025-10-17T00:15:19","slug":"handball-fuechse-berlin-lassen-kolstad-keine-chance-sport","status":"publish","type":"post","link":"https:\/\/www.europesays.com\/de\/504462\/","title":{"rendered":"Handball &#8211; F\u00fcchse Berlin lassen Kolstad keine Chance &#8211; Sport"},"content":{"rendered":"<p data-manual=\"paragraph\" data-schema-org-speakable=\"true\" class=\"css-1eosz7k\"><a href=\"https:\/\/www.sueddeutsche.de\/thema\/Berlin\" rel=\"nofollow noopener\" target=\"_blank\">Berlin<\/a> (dpa) &#8211; Die Handballer der <a href=\"https:\/\/www.sueddeutsche.de\/thema\/F%C3%BCchse_Berlin\" rel=\"nofollow noopener\" target=\"_blank\">F\u00fcchse Berlin<\/a> bleiben in der Champions League in der Erfolgsspur. Der deutsche Meister gewann am Donnerstagabend vor 6.338 Zuschauern in der Max-Schmeling-Halle gegen den norwegischen Titeltr\u00e4ger Kolstad <a href=\"https:\/\/www.sueddeutsche.de\/thema\/Handball\" rel=\"nofollow noopener\" target=\"_blank\">Handball<\/a> mit 38:27 (19:14). Damit holten sich die F\u00fcchse die Tabellenf\u00fchrung von Aalborg zur\u00fcck, die am Vortag vor\u00fcbergehend vorbeigezogen waren.\u00a0<\/p>\n<p data-manual=\"paragraph\" data-schema-org-speakable=\"true\" class=\"css-1eosz7k\">Beste Berliner Werfer waren Tobias Gr\u00f6ndahl mit neun und Mathias Gidsel mit acht Toren. Trainer Nicolej Krickau konnte wieder auf Nationalspieler Nils Lichtlein zur\u00fcckgreifen, der seine Schulterverletzung \u00fcberstanden hat. Und sein Team fand auch gleich gut in die Partie. Die Abwehr agierte sehr konzentriert und Keeper Dejan Milosavljev gl\u00e4nzte mit wichtigen Paraden. Nach siebeneinhalb Minuten waren die F\u00fcchse bereits 5:2 in F\u00fchrung.<\/p>\n<p>F\u00fcchse auch nach dem Seitenwechsel souver\u00e4n<\/p>\n<p data-manual=\"paragraph\" data-schema-org-speakable=\"true\" class=\"css-1eosz7k\">Die F\u00fcchse hatten eigentlich alles unter Kontrolle, lie\u00dfen auch im Angriff den Ball gut durch die eigenen Reihen laufen. Aber dann schlichen sich doch einige Unkonzentriertheiten ein, die zu mehreren Ballverlusten f\u00fchrten. Aber Kolstad konnte daraus kaum Kapital schlagen. Die F\u00fcchse blieben unbeeindruckt und bauten die F\u00fchrung noch vor der Pause auf sechs Tore aus (14:8).<\/p>\n<p data-manual=\"paragraph\" data-schema-org-speakable=\"true\" class=\"css-1eosz7k\">Nach dem Seitenwechsel kam der gerade erstmalig f\u00fcr die Nationalmannschaft nominierte Lasse Ludwig ins Berliner Tor. Und der 23-J\u00e4hrige kn\u00fcpfte nahtlos an die Leistung seines Vorg\u00e4ngers an. Auch nach dem Seitenwechsel hatten die F\u00fcchse alles im Griff und gewannen am Ende die Partie, in der sie immer in F\u00fchrung lagen, souver\u00e4n.<\/p>\n<p data-manual=\"paragraph\" data-schema-org-speakable=\"true\" class=\"css-1eosz7k\">\u00a9 dpa-infocom, dpa:251016-930-171970\/1<\/p>\n","protected":false},"excerpt":{"rendered":"Berlin (dpa) &#8211; Die Handballer der F\u00fcchse Berlin bleiben in der Champions League in der Erfolgsspur. Der deutsche&hellip;\n","protected":false},"author":2,"featured_media":504463,"comment_status":"","ping_status":"","sticky":false,"template":"","format":"standard","meta":{"footnotes":""},"categories":[1825],"tags":[296,29,64314,1933,30,1391,7491,126018,23803,913,37142,265,149],"class_list":{"0":"post-504462","1":"post","2":"type-post","3":"status-publish","4":"format-standard","5":"has-post-thumbnail","7":"category-berlin","8":"tag-berlin","9":"tag-deutschland","10":"tag-ehf-champions-league","11":"tag-fuechse-berlin","12":"tag-germany","13":"tag-handball","14":"tag-handball-team","15":"tag-kolstad-handball","16":"tag-max-schmeling-halle-veranstaltungen-berlin","17":"tag-norwegen","18":"tag-skandinavien","19":"tag-sport","20":"tag-sueddeutsche-zeitung"},"share_on_mastodon":{"url":"https:\/\/pubeurope.com\/@de\/115386628548263421","error":""},"_links":{"self":[{"href":"https:\/\/www.europesays.com\/de\/wp-json\/wp\/v2\/posts\/504462","targetHints":{"allow":["GET"]}}],"collection":[{"href":"https:\/\/www.europesays.com\/de\/wp-json\/wp\/v2\/posts"}],"about":[{"href":"https:\/\/www.europesays.com\/de\/wp-json\/wp\/v2\/types\/post"}],"author":[{"embeddable":true,"href":"https:\/\/www.europesays.com\/de\/wp-json\/wp\/v2\/users\/2"}],"replies":[{"embeddable":true,"href":"https:\/\/www.europesays.com\/de\/wp-json\/wp\/v2\/comments?post=504462"}],"version-history":[{"count":0,"href":"https:\/\/www.europesays.com\/de\/wp-json\/wp\/v2\/posts\/504462\/revisions"}],"wp:featuredmedia":[{"embeddable":true,"href":"https:\/\/www.europesays.com\/de\/wp-json\/wp\/v2\/media\/504463"}],"wp:attachment":[{"href":"https:\/\/www.europesays.com\/de\/wp-json\/wp\/v2\/media?parent=504462"}],"wp:term":[{"taxonomy":"category","embeddable":true,"href":"https:\/\/www.europesays.com\/de\/wp-json\/wp\/v2\/categories?post=504462"},{"taxonomy":"post_tag","embeddable":true,"href":"https:\/\/www.europesays.com\/de\/wp-json\/wp\/v2\/tags?post=504462"}],"curies":[{"name":"wp","href":"https:\/\/api.w.org\/{rel}","templated":true}]}}