{"id":504467,"date":"2025-10-17T00:18:27","date_gmt":"2025-10-17T00:18:27","guid":{"rendered":"https:\/\/www.europesays.com\/de\/504467\/"},"modified":"2025-10-17T00:18:27","modified_gmt":"2025-10-17T00:18:27","slug":"harald-welzer-und-sorgenvolle-zeiten-frankfurter-buchmesse-michael-hesse","status":"publish","type":"post","link":"https:\/\/www.europesays.com\/de\/504467\/","title":{"rendered":"Harald Welzer und sorgenvolle Zeiten Frankfurter Buchmesse Michael Hesse"},"content":{"rendered":"<ol class=\"id-DonaldBreadcrumb lp_west_breadcrumb id-DonaldBreadcrumb--default\" data-k5a-pos=\"west_breadcrumb\">\n<li class=\"id-Breadcrumb-item\"><a href=\"https:\/\/www.fr.de\/\" class=\"id-Breadcrumb-link\" data-id-ec=\"{\" shn=\"\" textlink=\"\" data-k5a-pos=\"1_startseite\" rel=\"nofollow noopener\" target=\"_blank\">Startseite<\/a><\/li>\n<li class=\"id-Breadcrumb-item\"><a href=\"https:\/\/www.fr.de\/frankfurt\/\" class=\"id-Breadcrumb-link\" data-id-ec=\"{\" shn=\"\" textlink=\"\" data-k5a-pos=\"2_frankfurt\" rel=\"nofollow noopener\" target=\"_blank\">Frankfurt<\/a><\/li>\n<\/ol>\n<p class=\"id-Story-timestamp id-Story-timestamp--default\">Stand: 16.10.2025, 19:02 Uhr<\/p>\n<p class=\"id-Story-authors id-Story-authors--default\">Von: <a class=\"id-Story-authors-link lp_west_author\" href=\"https:\/\/www.fr.de\/autor\/selma-hornbacher-schoenleber-swqk8bywm.html\" title=\"Zur Autorenseite von Selma Hornbacher-Sch&#xF6;nleber\" data-id-ec=\"{\" shn=\"\" author-link=\"\" hornbacher-sch=\"\" data-k5a-pos=\"west_author\" rel=\"nofollow noopener\" target=\"_blank\">Selma Hornbacher-Sch\u00f6nleber<\/a><\/p>\n<p class=\"id-Story-interactionBar id-Story-interactionBar--default\">DruckenTeilen<\/p>\n<p><img decoding=\"async\" class=\"id-RatioPlaceholder-element wv_story_el_image\" src=\"https:\/\/www.europesays.com\/de\/wp-content\/uploads\/2025\/10\/40107010-frankfurt-14-10-2025-fr-stand-in-halle-feuilltonchef-michael-hesse-im-gespraech-mit-dem-soz.jpeg\" loading=\"eager\" fetchpriority=\"high\"   height=\"792\" width=\"1408\" alt=\"Harald Welzer im Gespr&#xE4;ch mit FR-Feuilletonchef Michael Hesse &#xFC;ber &#x201E;das Haus der Gef&#xFC;hle&#x201C;.\"\/>Harald Welzer im Gespr\u00e4ch mit FR-Feuilletonchef Michael Hesse \u00fcber \u201edas Haus der Gef\u00fchle\u201c. \u00a9\u00a0Renate Hoyer<\/p>\n<p class=\"id-StoryElement-leadText\">Der Sozialpsychologe Harald Welzer im Gespr\u00e4ch mit FR-Feuilletonchef Michael Hesse \u00fcber politische Gef\u00fchle und sein neues Buch.<\/p>\n<p class=\"id-StoryElement-paragraph\">Das diffuse Gef\u00fchl, dass nicht alles in Ordnung ist: Das kennen wir alle\u201c, diese These stellte der Sozialpsychologe und Publizist Harald Welzer auf. Am Stand der Frankfurter Rundschau in Halle 3.1, C48<strong> <\/strong>diskutierte er mit FR-Feuilleton-Chef Michael Hesse \u00fcber sein neuestes Buch \u201eDas Haus der Gef\u00fchle\u201c. Um die politische Gegenwart zu verstehen, m\u00fcsse man politische Gef\u00fchle ernst nehmen.<\/p>\n<p class=\"id-StoryElement-paragraph\">\u201eDie zentrale Bedingung f\u00fcr Demokratie ist Vertrauen\u201c, so Welzer. Krisen, Krieg und Klimawandel erzeugten hingegen Verunsicherung. Das Problem: \u201eSolche diffusen Gef\u00fchle sind anschlussf\u00e4hig f\u00fcr Populismus\u201c, so Welzer. Darauf gr\u00fcnde der Erfolg der AfD.<\/p>\n<p class=\"id-StoryElement-paragraph\">Die Reaktion der etablierten Parteien auf die AfD zeige hingegen einen Kurzschluss: \u201eSie sind unf\u00e4hig, die zugrunde liegenden Gef\u00fchle der Verunsicherung zu erkennen\u201c, so Welzer. Stattdessen springe man \u00fcber jedes St\u00f6ckchen der AfD und \u00fcbernehme ihre Positionen. <\/p>\n<p class=\"id-StoryElement-paragraph\">Dennoch werde das Problem der AfD, so Welzer, zumindest f\u00fcr Westdeutschland \u201ehysterisiert\u201c. Michael Hesses Einwand, dass der Demokratietheoretiker Colin Crouch die Situation wesentlich pessimistischer sehe, wies er zur\u00fcck: Bei den Kommunalwahlen in Nordrhein-Westfalen h\u00e4tten 85 Prozent der W\u00e4hlenden demokratisch votiert.<\/p>\n<p class=\"id-StoryElement-paragraph\">Besorgter sei er \u00fcber die demokratische Zukunft der Union. Dass laut j\u00fcngster \u00c4u\u00dferungen des Kanzlers ein migrantisch gepr\u00e4gtes \u201eStadtbild korrigiert werden solle\u201c, sei infam. \u201eRassismus pur\u201c, stellte Welzer fest. Das Publikum am FR-Stand reagierte mit Applaus.<\/p>\n<p class=\"id-StoryElement-paragraph\">Welzer endete mit einem Ausblick. Damit Demokratie funktioniert, brauche es analoge Begegnungsorte: Vereine, Bibliotheken und private Initiativen statt Social Media. Immer wieder erz\u00e4hlten G\u00e4ste seiner Lesungen, dass sie Begegnungsorte f\u00fcr die Nachbarschaft organisieren. \u201eDas sind Aktionen gegen die Antidemokraten.\u201c<\/p>\n","protected":false},"excerpt":{"rendered":"Startseite Frankfurt Stand: 16.10.2025, 19:02 Uhr Von: Selma Hornbacher-Sch\u00f6nleber DruckenTeilen Harald Welzer im Gespr\u00e4ch mit FR-Feuilletonchef Michael Hesse&hellip;\n","protected":false},"author":2,"featured_media":504468,"comment_status":"","ping_status":"","sticky":false,"template":"","format":"standard","meta":{"footnotes":""},"categories":[1774],"tags":[1784,1785,29,214,30,215],"class_list":{"0":"post-504467","1":"post","2":"type-post","3":"status-publish","4":"format-standard","5":"has-post-thumbnail","7":"category-buecher","8":"tag-books","9":"tag-buecher","10":"tag-deutschland","11":"tag-entertainment","12":"tag-germany","13":"tag-unterhaltung"},"share_on_mastodon":{"url":"https:\/\/pubeurope.com\/@de\/115386640878871318","error":""},"_links":{"self":[{"href":"https:\/\/www.europesays.com\/de\/wp-json\/wp\/v2\/posts\/504467","targetHints":{"allow":["GET"]}}],"collection":[{"href":"https:\/\/www.europesays.com\/de\/wp-json\/wp\/v2\/posts"}],"about":[{"href":"https:\/\/www.europesays.com\/de\/wp-json\/wp\/v2\/types\/post"}],"author":[{"embeddable":true,"href":"https:\/\/www.europesays.com\/de\/wp-json\/wp\/v2\/users\/2"}],"replies":[{"embeddable":true,"href":"https:\/\/www.europesays.com\/de\/wp-json\/wp\/v2\/comments?post=504467"}],"version-history":[{"count":0,"href":"https:\/\/www.europesays.com\/de\/wp-json\/wp\/v2\/posts\/504467\/revisions"}],"wp:featuredmedia":[{"embeddable":true,"href":"https:\/\/www.europesays.com\/de\/wp-json\/wp\/v2\/media\/504468"}],"wp:attachment":[{"href":"https:\/\/www.europesays.com\/de\/wp-json\/wp\/v2\/media?parent=504467"}],"wp:term":[{"taxonomy":"category","embeddable":true,"href":"https:\/\/www.europesays.com\/de\/wp-json\/wp\/v2\/categories?post=504467"},{"taxonomy":"post_tag","embeddable":true,"href":"https:\/\/www.europesays.com\/de\/wp-json\/wp\/v2\/tags?post=504467"}],"curies":[{"name":"wp","href":"https:\/\/api.w.org\/{rel}","templated":true}]}}