{"id":504478,"date":"2025-10-17T00:24:17","date_gmt":"2025-10-17T00:24:17","guid":{"rendered":"https:\/\/www.europesays.com\/de\/504478\/"},"modified":"2025-10-17T00:24:17","modified_gmt":"2025-10-17T00:24:17","slug":"ex-bachelor-oliver-sanne-und-jil-rock-haben-geheiratet","status":"publish","type":"post","link":"https:\/\/www.europesays.com\/de\/504478\/","title":{"rendered":"Ex-Bachelor Oliver Sanne und Jil Rock haben geheiratet"},"content":{"rendered":"<p>Nach TV-Verlobung <\/p>\n<p>Ex-Bachelor Oliver Sanne hat heimlich geheiratet<\/p>\n<p>16.10.2025 &#8211; 23:25 UhrLesedauer: 2 Min.<\/p>\n<p><a href=\"#focus-0\" class=\"transition-colors duration-200 block text-current relative\" data-sctrack=\"FocusGalleryImage.Reference\"><img fetchpriority=\"high\" data-testid=\"Opener.Image\" style=\"--lqipURL:url('https:\/\/images.t-online.de\/2025\/10\/Q6rx5URn4uoB\/0x226:3291x1851\/fit-in\/150x0\/filters:blur(25)\/oliver-sanne-beim-kampf-der-realitystars-6-screening-im-cinenova-kino-in-koeln-am-30-042025-oliver-sanne-at-the-kampf-der-realitystars-6-screening-at-the-cinenova-cinema-in-cologne-on-30-04-2025.jpg')\"   loading=\"eager\" src=\"https:\/\/www.europesays.com\/de\/wp-content\/uploads\/2025\/10\/oliver-sanne-beim-kampf-der-realitystars-6-screening-im-cinenova-kino-in-koeln-am-30-042025-oliver-s.jpeg\" alt=\"imago images 0815572927\" title=\"imago images 0815572927\" width=\"3291\" height=\"1851\" class=\"bg-[url:var(--lqipURL)] bg-cover bg-center flex h-full w-full max-w-full\" decoding=\"async\"\/><img style=\"--width:32;--height:32\" loading=\"lazy\" src=\"https:\/\/www.t-online.de\/s\/paper\/_next\/static\/media\/zoom-in.f7dae02f.svg\" alt=\"Vergr\u00f6\u00dfern des Bildes\" title=\"Vergr\u00f6\u00dfern des Bildes\" class=\"block h-[calc(var(--height)_\/_16_*_1rem)] w-[calc(var(--width)_\/_16_*_1rem)] max-w-none absolute bottom-8 right-8 rounded-4 bg-snow p-8\" decoding=\"async\"\/><\/a><\/p>\n<p>Oliver Sanne: 2015 war er &#8222;Der Bachelor&#8220;. (Quelle: IMAGO\/Gartner\/imago)<\/p>\n<p class=\"font-bold text-18 leading-17\">Vor zehn Jahren verteilte er bei RTL Rosen, die gro\u00dfe Liebe fand Oliver Sanne aber abseits der TV-Kameras. Nun gab der Ex-Bachelor seiner Partnerin das Jawort.<\/p>\n<p class=\"text-18 leading-17\">2015 war Oliver Sanne &#8222;Der Bachelor&#8220; und vergab nach seiner Liebessuche bei RTL die letzte Rose an Liz Kaeber. Die Beziehung war allerdings nicht von Dauer, schon kurz nach den Dreharbeiten trennten sich die beiden wieder. Der ehemalige &#8222;Mr. Germany&#8220; versuchte es erneut im TV, doch auch bei &#8222;Bachelor in Paradise&#8220; hatte er kein Gl\u00fcck.<\/p>\n<p class=\"text-18 leading-17\">Erst abseits der Kameras fand Oliver Sanne seine Traumfrau. Im August 2018 machte er seine Beziehung mit Jil Rock \u00f6ffentlich, hielt zwei Jahre sp\u00e4ter um ihre Hand an \u2013 in einer Fernsehshow. Bei &#8222;Das gro\u00dfe Promiboxen&#8220; richtete er sich an seine Liebste: &#8222;Ich lag zwar vorhin einmal mit Yasin auf dem Boden. Die Einzige, vor der ich heute Abend aber auf die Knie gehen wollte, das bist du&#8220;, sagte er und holte einen Ring hervor.<\/p>\n<p class=\"text-18 leading-17\">Er bekam zwar umgehend ein &#8222;Ja&#8220;, bis zur Hochzeit sollte es aber noch einige Jahre dauern. Nachdem das Paar jetzt Fotos von einem Shooting in Anzug und Brautkleid bei Instagram gepostet hatte, wurden Ger\u00fcchte um eine Trauung laut. Und tats\u00e4chlich: Jil Rock und Oliver Sanne haben geheiratet, wie er RTL best\u00e4tigte.<\/p>\n<p class=\"text-18 leading-17\">Die Hochzeit fand w\u00e4hrend eines Urlaubs in <a class=\"transition-colors duration-200 cursor-pointer text-inherit no-underline text-salemsfur md:hover:text-magenta md:hover:border-magenta md:focus:text-magenta border-current border-b border-solid break-words\" href=\"https:\/\/www.t-online.de\/themen\/las-vegas\/\" data-sctrack=\"BodyAnchor\" target=\"_blank\" rel=\"noopener\">Las Vegas<\/a> statt. &#8222;Wir lieben die <a class=\"transition-colors duration-200 cursor-pointer text-inherit no-underline text-salemsfur md:hover:text-magenta md:hover:border-magenta md:focus:text-magenta border-current border-b border-solid break-words\" href=\"https:\/\/www.t-online.de\/themen\/usa\/\" data-sctrack=\"BodyAnchor\" target=\"_blank\" rel=\"noopener\">USA<\/a> und den Lifestyle und haben einen Roadtrip geplant. Und wenn man dann schon mal in Vegas ist, muss man auch verr\u00fcckte Dinge tun&#8220;, sagte der 39-J\u00e4hrige.<\/p>\n<p class=\"text-18 leading-17\">Die Pl\u00e4ne hielt das Paar bewusst geheim. &#8222;Wir haben immer gesagt: Wenn, dann heiraten wir f\u00fcr uns und f\u00fcr niemanden sonst \u2013 deswegen haben wir das auch nicht an die gro\u00dfe Glocke geh\u00e4ngt&#8220;, so der Realitystar. Eine Trauung mit Familie und Freunden in Deutschland soll aber noch folgen.<\/p>\n<p class=\"text-18 leading-17\">Und auch \u00fcber Nachwuchs denkt das Paar nach. &#8222;Wenn eins klappt, sind wir schon sehr dankbar. Das ist ja in der heutigen Zeit auch nicht mehr immer so, dass es wirklich funktioniert&#8220;, sagte Jil Rock RTL.<\/p>\n","protected":false},"excerpt":{"rendered":"Nach TV-Verlobung Ex-Bachelor Oliver Sanne hat heimlich geheiratet 16.10.2025 &#8211; 23:25 UhrLesedauer: 2 Min. Oliver Sanne: 2015 war&hellip;\n","protected":false},"author":2,"featured_media":504479,"comment_status":"","ping_status":"","sticky":false,"template":"","format":"standard","meta":{"footnotes":""},"categories":[155],"tags":[9810,29,214,30,152,126023,16813,18821,126024,126022,1219,640,215],"class_list":{"0":"post-504478","1":"post","2":"type-post","3":"status-publish","4":"format-standard","5":"has-post-thumbnail","7":"category-unterhaltung","8":"tag-der-bachelor","9":"tag-deutschland","10":"tag-entertainment","11":"tag-germany","12":"tag-instagram","13":"tag-jil-rock","14":"tag-las-vegas","15":"tag-liebessuche","16":"tag-liz-kaeber","17":"tag-oliver-sanne","18":"tag-rosen","19":"tag-rtl","20":"tag-unterhaltung"},"share_on_mastodon":{"url":"https:\/\/pubeurope.com\/@de\/115386664678176395","error":""},"_links":{"self":[{"href":"https:\/\/www.europesays.com\/de\/wp-json\/wp\/v2\/posts\/504478","targetHints":{"allow":["GET"]}}],"collection":[{"href":"https:\/\/www.europesays.com\/de\/wp-json\/wp\/v2\/posts"}],"about":[{"href":"https:\/\/www.europesays.com\/de\/wp-json\/wp\/v2\/types\/post"}],"author":[{"embeddable":true,"href":"https:\/\/www.europesays.com\/de\/wp-json\/wp\/v2\/users\/2"}],"replies":[{"embeddable":true,"href":"https:\/\/www.europesays.com\/de\/wp-json\/wp\/v2\/comments?post=504478"}],"version-history":[{"count":0,"href":"https:\/\/www.europesays.com\/de\/wp-json\/wp\/v2\/posts\/504478\/revisions"}],"wp:featuredmedia":[{"embeddable":true,"href":"https:\/\/www.europesays.com\/de\/wp-json\/wp\/v2\/media\/504479"}],"wp:attachment":[{"href":"https:\/\/www.europesays.com\/de\/wp-json\/wp\/v2\/media?parent=504478"}],"wp:term":[{"taxonomy":"category","embeddable":true,"href":"https:\/\/www.europesays.com\/de\/wp-json\/wp\/v2\/categories?post=504478"},{"taxonomy":"post_tag","embeddable":true,"href":"https:\/\/www.europesays.com\/de\/wp-json\/wp\/v2\/tags?post=504478"}],"curies":[{"name":"wp","href":"https:\/\/api.w.org\/{rel}","templated":true}]}}