{"id":504481,"date":"2025-10-17T00:26:22","date_gmt":"2025-10-17T00:26:22","guid":{"rendered":"https:\/\/www.europesays.com\/de\/504481\/"},"modified":"2025-10-17T00:26:22","modified_gmt":"2025-10-17T00:26:22","slug":"hammer-pleite-bringt-groesstes-moebelhaus-der-stadt-in-arge-bedraengnis","status":"publish","type":"post","link":"https:\/\/www.europesays.com\/de\/504481\/","title":{"rendered":"Hammer-Pleite bringt gr\u00f6\u00dftes M\u00f6belhaus der Stadt in arge Bedr\u00e4ngnis"},"content":{"rendered":"<p class=\"paragraph tw-mx-auto tw-mb-6\">Man kennt es aus <a data-li-document-ref=\"1821035\" href=\"https:\/\/www.nordkurier.de\/regional\/uckermark\/wieder-schliesst-ein-laden-1821035\" target=\"_blank\" rel=\"noopener\">Innenst\u00e4dten: Wenn L\u00e4den schlie\u00dfen<\/a>, hat das meist negative Auswirkungen auf die benachbarten Gesch\u00e4fte. Es bleibt Laufkundschaft aus, von der man bislang partizipiert hat, und &#8211; viel wichtiger \u2013 die Nachricht von der Pleite macht schneller die Runde, als man denkt, und zieht den Ruf des Ladenviertels in Mitleidenschaft.<\/p>\n<p>Den 20 Kollegen ist mulmig zumute<\/p>\n<p class=\"paragraph tw-mx-auto tw-mb-6\">Das merkt momentan auch Verkaufsleiter Frank Kutz von der Opti Wohnwelt in Prenzlau. Seitdem wenige Meter neben seinem M\u00f6belhaus der Hammer-Einrichtungsmarkt in Insolvenz gegangen ist und geschlossen hat, kommen auch zu ihm weniger Kunden.<\/p>\n<p class=\"paragraph tw-mx-auto tw-mb-6\">\u201eViele denken vermutlich, dass der gesamte Komplex von der Pleite betroffen war\u201c, vermutet Frank Kutz: \u201eAber es hat nur unser Nachbar dicht gemacht, wir sind doch noch da.\u201c Immer wieder h\u00f6re er ein erstauntes \u201eAch, euch gibt&#8217;s noch!\u201c, wenn Leute ins Foyer kommen, sagt der leitende Opti-Mitarbeiter im Gespr\u00e4ch mit dem Uckermark Kurier. Seinen 20 Kollegen und ihm allerdings werde zunehmend mulmig zumute, setzt er nachdenklich hinzu, denn sonst sei um diese Zeit viel mehr los.<\/p>\n<p><img decoding=\"async\" src=\"https:\/\/www.europesays.com\/de\/wp-content\/uploads\/2025\/10\/f9541a50-89db-4dbe-9c63-3150775d4eef.jpg\" loading=\"lazy\" alt=\"Verkaufsleiter Frank Kutz steht mit Azubi Anna Lena Zenk vor dem Eingang der Opti Wohnwelt, die, anders als der benachbarte Hammer-Markt, nicht geschlossen worden ist.\"\/><img decoding=\"async\" alt=\"Bild vergr\u00f6\u00dfern\" class=\"sm:tw-w-9 sm:tw-h-9\" src=\"https:\/\/www.nordkurier.de\/_next\/static\/media\/imageExpand.10dba927.svg\"\/><\/p>\n<p>Verkaufsleiter Frank Kutz steht mit Azubi Anna Lena Zenk vor dem Eingang der Opti Wohnwelt, die, anders als der benachbarte Hammer-Markt, nicht geschlossen worden ist. (Foto: Claudia Marsal)<\/p>\n<p class=\"paragraph tw-mx-auto tw-mb-6\">Dieser Zustand \u00e4rgert die Belegschaft vor allem deshalb so sehr, weil ihr Unternehmen die eigene Insolvenz \u00fcberstanden hat, ohne dass hier dichtgemacht wurde.<\/p>\n<\/p>\n<p>Prenzlau und Neubrandenburg laufen gut<\/p>\n<p class=\"paragraph tw-mx-auto tw-mb-6\">Die Standorte Prenzlau und Neubrandenburg, die Kutz leitet, st\u00fcnden auf sicheren F\u00fc\u00dfen. Das Insolvenzverfahren soll zum Jahresende abgeschlossen sein.<\/p>\n<p><img decoding=\"async\" src=\"https:\/\/www.europesays.com\/de\/wp-content\/uploads\/2025\/10\/58d99234-bf73-404b-b605-8fdf0612aba0.jpg\" loading=\"lazy\" alt=\"Jane Samuel Jane, Gesine Kr\u00fcger und Anna Lena Zenk (von links) haben alles weihnachtlich dekoriert im Erdgeschoss des gr\u00f6\u00dften M\u00f6belhauses der Stadt.\"\/><img decoding=\"async\" alt=\"Bild vergr\u00f6\u00dfern\" class=\"sm:tw-w-9 sm:tw-h-9\" src=\"https:\/\/www.nordkurier.de\/_next\/static\/media\/imageExpand.10dba927.svg\"\/><\/p>\n<p>Jane Samuel Jane, Gesine Kr\u00fcger und Anna Lena Zenk (von links) haben alles weihnachtlich dekoriert im Erdgeschoss des gr\u00f6\u00dften M\u00f6belhauses der Stadt. (Foto: Claudia Marsal)<\/p>\n<p class=\"paragraph tw-mx-auto tw-mb-6\">\u201eDa wollen wir nat\u00fcrlich gute Zahlen haben, um das zu feiern\u201c, argumentiert Frank Kutz weiter. Seine Mannschaft gebe jedenfalls ihr Bestes, beispielsweise beim Aufbau der gro\u00dfen Weihnachtsdeko-Ausstellung, die momentan Lust auf den Advent machen soll, erg\u00e4nzt der Verkaufsleiter stolz. \u201eAlso, liebe Uckerm\u00e4rker, lassen Sie sich nicht von den leeren Schaufensterscheiben in der Nachbarschaft abschrecken und kommen Sie weiter zu uns!\u201c, ermuntert Frank Kutz alle Kaufwilligen. Die Ausstellungsfl\u00e4che sei voller neuer Modelle, schlie\u00dflich sei der Herbst erfahrungsgem\u00e4\u00df die Jahreszeit, in der sich viele neu einrichten w\u00fcrden.<\/p>\n","protected":false},"excerpt":{"rendered":"Man kennt es aus Innenst\u00e4dten: Wenn L\u00e4den schlie\u00dfen, hat das meist negative Auswirkungen auf die benachbarten Gesch\u00e4fte. Es&hellip;\n","protected":false},"author":2,"featured_media":504482,"comment_status":"","ping_status":"","sticky":false,"template":"","format":"standard","meta":{"footnotes":""},"categories":[134],"tags":[175,170,169,29,30,1551,44393,171,174,1371,173,172,55],"class_list":{"0":"post-504481","1":"post","2":"type-post","3":"status-publish","4":"format-standard","5":"has-post-thumbnail","7":"category-unternehmen-maerkte","8":"tag-business","9":"tag-companies","10":"tag-companies-markets","11":"tag-deutschland","12":"tag-germany","13":"tag-insolvenz","14":"tag-konkurs","15":"tag-markets","16":"tag-maerkte","17":"tag-pleite","18":"tag-unternehmen","19":"tag-unternehmen-maerkte","20":"tag-wirtschaft"},"share_on_mastodon":{"url":"https:\/\/pubeurope.com\/@de\/115386671880243608","error":""},"_links":{"self":[{"href":"https:\/\/www.europesays.com\/de\/wp-json\/wp\/v2\/posts\/504481","targetHints":{"allow":["GET"]}}],"collection":[{"href":"https:\/\/www.europesays.com\/de\/wp-json\/wp\/v2\/posts"}],"about":[{"href":"https:\/\/www.europesays.com\/de\/wp-json\/wp\/v2\/types\/post"}],"author":[{"embeddable":true,"href":"https:\/\/www.europesays.com\/de\/wp-json\/wp\/v2\/users\/2"}],"replies":[{"embeddable":true,"href":"https:\/\/www.europesays.com\/de\/wp-json\/wp\/v2\/comments?post=504481"}],"version-history":[{"count":0,"href":"https:\/\/www.europesays.com\/de\/wp-json\/wp\/v2\/posts\/504481\/revisions"}],"wp:featuredmedia":[{"embeddable":true,"href":"https:\/\/www.europesays.com\/de\/wp-json\/wp\/v2\/media\/504482"}],"wp:attachment":[{"href":"https:\/\/www.europesays.com\/de\/wp-json\/wp\/v2\/media?parent=504481"}],"wp:term":[{"taxonomy":"category","embeddable":true,"href":"https:\/\/www.europesays.com\/de\/wp-json\/wp\/v2\/categories?post=504481"},{"taxonomy":"post_tag","embeddable":true,"href":"https:\/\/www.europesays.com\/de\/wp-json\/wp\/v2\/tags?post=504481"}],"curies":[{"name":"wp","href":"https:\/\/api.w.org\/{rel}","templated":true}]}}