{"id":504488,"date":"2025-10-17T00:30:32","date_gmt":"2025-10-17T00:30:32","guid":{"rendered":"https:\/\/www.europesays.com\/de\/504488\/"},"modified":"2025-10-17T00:30:32","modified_gmt":"2025-10-17T00:30:32","slug":"sachsen-anhalt-investiert-acht-millionen-euro-in-klaeranlagen","status":"publish","type":"post","link":"https:\/\/www.europesays.com\/de\/504488\/","title":{"rendered":"Sachsen-Anhalt investiert acht Millionen Euro in Kl\u00e4ranlagen"},"content":{"rendered":"<p class=\"fp-paragraph\"><strong>Halle<\/strong> &#8211; Das Land Sachsen-Anhalt investiert \u00fcber acht Millionen Euro in die Steigerung der Energieeffizienz an Kl\u00e4ranlagen. Wie das Landesverwaltungsamt mitteilte, flie\u00dft das Geld in neun unterschiedliche Projekte im ganzen Bundesland. Damit soll der Energieverbrauch in den Kl\u00e4ranlagen gesenkt werden.\u00a0<\/p>\n<p class=\"fp-paragraph\">\u201eMit diesen Investitionen st\u00e4rken wir nicht nur die kommunale Infrastruktur, sondern leisten auch einen wichtigen Beitrag zum Klimaschutz\u201c, sagt der Pr\u00e4sident des Landesverwaltungsamtes Thomas Pleye. \u201eEnergieeffiziente Kl\u00e4ranlagen sind ein zentraler Baustein f\u00fcr eine nachhaltige Wasserwirtschaft.\u201c<\/p>\n<p>Geld kommt aus dem EFRE-Fonds<\/p>\n<p class=\"fp-paragraph\">Mit etwa 1,5 Millionen Euro werden Ma\u00dfnahmen an der Gemeinschaftskl\u00e4ranlage Wittenberg am st\u00e4rksten bezuschusst. Jeweils rund 1,4 Millionen Euro werden f\u00fcr die Modernisierungen an der Kl\u00e4ranlage Wengelsdorf und der Kl\u00e4ranlage Elster eingesetzt. Auch die Kl\u00e4ranlage Halle-Nord bekommt 147.500 Euro.<\/p>\n<p class=\"fp-paragraph\">Das Geld kommt aus dem Europ\u00e4ischen Fonds f\u00fcr regionale Entwicklung (EFRE). Dieser soll kommunale Infrastrukturprojekte mit Fokus auf Klimaschutz und Energieeffizienz f\u00f6rdern. Aus diesen F\u00f6rdermitteln habe das Land in diesem Jahr nun bereits 27,5 Millionen Euro bewilligt, hie\u00df es von einer Sprecherin auf Anfrage. Au\u00dferdem seien weitere sechs Antr\u00e4ge in H\u00f6he von zusammen etwa 4,2 Millionen Euro gestellt worden.<\/p>\n","protected":false},"excerpt":{"rendered":"Halle &#8211; Das Land Sachsen-Anhalt investiert \u00fcber acht Millionen Euro in die Steigerung der Energieeffizienz an Kl\u00e4ranlagen. Wie&hellip;\n","protected":false},"author":2,"featured_media":504489,"comment_status":"","ping_status":"","sticky":false,"template":"","format":"standard","meta":{"footnotes":""},"categories":[1860],"tags":[11235,3364,29,1149,548,663,3934,30,4062,17332,13,1563,14,15,17331,860,12],"class_list":{"0":"post-504488","1":"post","2":"type-post","3":"status-publish","4":"format-standard","5":"has-post-thumbnail","7":"category-halle-saale","8":"tag-abwasser","9":"tag-de","10":"tag-deutschland","11":"tag-energie","12":"tag-eu","13":"tag-europa","14":"tag-europe","15":"tag-germany","16":"tag-halle","17":"tag-halle-saale","18":"tag-headlines","19":"tag-klima","20":"tag-nachrichten","21":"tag-news","22":"tag-saale","23":"tag-sachsen-anhalt","24":"tag-schlagzeilen"},"share_on_mastodon":{"url":"https:\/\/pubeurope.com\/@de\/115386687537536196","error":""},"_links":{"self":[{"href":"https:\/\/www.europesays.com\/de\/wp-json\/wp\/v2\/posts\/504488","targetHints":{"allow":["GET"]}}],"collection":[{"href":"https:\/\/www.europesays.com\/de\/wp-json\/wp\/v2\/posts"}],"about":[{"href":"https:\/\/www.europesays.com\/de\/wp-json\/wp\/v2\/types\/post"}],"author":[{"embeddable":true,"href":"https:\/\/www.europesays.com\/de\/wp-json\/wp\/v2\/users\/2"}],"replies":[{"embeddable":true,"href":"https:\/\/www.europesays.com\/de\/wp-json\/wp\/v2\/comments?post=504488"}],"version-history":[{"count":0,"href":"https:\/\/www.europesays.com\/de\/wp-json\/wp\/v2\/posts\/504488\/revisions"}],"wp:featuredmedia":[{"embeddable":true,"href":"https:\/\/www.europesays.com\/de\/wp-json\/wp\/v2\/media\/504489"}],"wp:attachment":[{"href":"https:\/\/www.europesays.com\/de\/wp-json\/wp\/v2\/media?parent=504488"}],"wp:term":[{"taxonomy":"category","embeddable":true,"href":"https:\/\/www.europesays.com\/de\/wp-json\/wp\/v2\/categories?post=504488"},{"taxonomy":"post_tag","embeddable":true,"href":"https:\/\/www.europesays.com\/de\/wp-json\/wp\/v2\/tags?post=504488"}],"curies":[{"name":"wp","href":"https:\/\/api.w.org\/{rel}","templated":true}]}}