{"id":504490,"date":"2025-10-17T00:31:26","date_gmt":"2025-10-17T00:31:26","guid":{"rendered":"https:\/\/www.europesays.com\/de\/504490\/"},"modified":"2025-10-17T00:31:26","modified_gmt":"2025-10-17T00:31:26","slug":"besondere-personallage-beim-fc-ingolstadt-vor-dem-spiel-in-aachen","status":"publish","type":"post","link":"https:\/\/www.europesays.com\/de\/504490\/","title":{"rendered":"Besondere Personallage beim FC Ingolstadt vor dem Spiel in Aachen"},"content":{"rendered":"<p class=\"em_text\"><strong><a href=\"https:\/\/www.donaukurier.de\/lokalsport\/fc-ingolstadt\" target=\"_blank\" rel=\"nofollow noopener\">Der FC Ingolstadt<\/a><\/strong><strong> reist als 14. der Tabelle in der 3. Liga an diesem Samstag (14.03 Uhr\/Magenta Sport) zum Ausw\u00e4rtsspiel bei Alemannia Aachen (17.).<\/strong><\/p>\n<p class=\"em_text\"><a href=\"https:\/\/www.donaukurier.de\/lokales\/ingolstadt\/fc-ingolstadt-torhueter-eisele-mit-klarer-forderung-nach-4-1-gegen-ulm-19643717\" target=\"_blank\" rel=\"nofollow noopener\">Zwei Wochen nach dem \u00fcberzeugenden Heimsieg gegen den SSV Ulm<\/a> k\u00f6nnte die Personallage in der Mannschaft von Sabrina Wittmann weitaus schlechter sein. Denn die Schanzer haben quasi keine Verletzungssorgen: Wie die 34-j\u00e4hrige FCI-Trainerin am Donnerstag sagte, fallen nur der inzwischen <a href=\"https:\/\/www.heimatsport.de\/fussball-profis\/dritte-liga\/fc-ingolstadt-bittere-diagnose-fuer-stammtorhueter-ponath-sportdirektor-grlic-sauer-19621979\" target=\"_blank\" rel=\"nofollow noopener\">operierte Stammtorh\u00fcter Markus Ponath<\/a> (Mittelhandbruch) und Mattis Hoppe (Reha nach Oberschenkelverletzung) aus.<\/p>\n<p>Linus Rosenl\u00f6cher und Jonas Scholz, die beim 4:1 gegen die \u201eSpatzen\u201c vor knapp zwei Wochen angeschlagen ausgewechselt werden mussten, stehen damit ebenso zur Verf\u00fcgung wie Kapit\u00e4n Lukas Fr\u00f6de, der seine Gehirnersch\u00fctterung aus dem Verl-Spiel \u00fcberwunden hat.<\/p>\n<p>    FC Ingolstadt: Fortschritte bei Dennis Kaygin<\/p>\n<p class=\"em_text\">Dennis Kaygin konnte <a href=\"https:\/\/www.heimatsport.de\/fussball-profis\/dritte-liga\/torfestival-bei-test-des-fc-ingolstadt-gegen-fc-liefering-19669472\" target=\"_blank\" rel=\"nofollow noopener\">beim Test gegen den FC Liefering<\/a> schon wieder einige Minuten sammeln und dabei ein sch\u00f6nes Freisto\u00dftor erzielen. \u201eDenno ist auf jeden Fall einen Schritt weiter, als er vor zwei Wochen war. Er hat echt gut trainiert die vergangenen beiden Wochen\u201c, erkl\u00e4rte Wittmann vor dem Spiel in Aachen, wo <a href=\"https:\/\/www.donaukurier.de\/lokales\/ingolstadt\/neuer-co-trainer-schoenfeld-tat-dem-fc-ingolstadt-schon-einmal-richtig-weh-19685903\" target=\"_blank\" rel=\"nofollow noopener\">Co-Trainer Patrick Sch\u00f6nfeld sein Deb\u00fct bei den Profis<\/a> geben wird.<\/p>\n<p>Wittmann wollte vor der Partie auf dem Tivoli \u201eden Fokus auf uns richten\u201c, auch wenn die 34-J\u00e4hrige zugab, dass das Alemannen-Mittelfeld-Duo Lars Gindorf (sieben Tore, zwei Assists) und Mika Schroers (vier Tore, zwei Assists) \u201eschon eine Erw\u00e4hnung wert\u201c sind in der Vorbereitung. Der bislang letzte Sieg des FCI gegen  Aachen stammt aus dem Jahr 2011. Beim 2:1 daheim trafen Stefan Leitl und Marvin Matip.<\/p>\n<p style=\"text-align:right;\">DK<\/p>\n","protected":false},"excerpt":{"rendered":"Der FC Ingolstadt reist als 14. der Tabelle in der 3. Liga an diesem Samstag (14.03 Uhr\/Magenta Sport)&hellip;\n","protected":false},"author":2,"featured_media":504491,"comment_status":"","ping_status":"","sticky":false,"template":"","format":"standard","meta":{"footnotes":""},"categories":[1853],"tags":[1424,3364,29,548,663,3934,11356,11355,30,13,11357,20600,14,15,1209,12],"class_list":{"0":"post-504490","1":"post","2":"type-post","3":"status-publish","4":"format-standard","5":"has-post-thumbnail","7":"category-aachen","8":"tag-aachen","9":"tag-de","10":"tag-deutschland","11":"tag-eu","12":"tag-europa","13":"tag-europe","14":"tag-fc-ingolstadt","15":"tag-fc-ingolstadt-news","16":"tag-germany","17":"tag-headlines","18":"tag-ingolstadt-hs","19":"tag-ingolstadt-meldung","20":"tag-nachrichten","21":"tag-news","22":"tag-nordrhein-westfalen","23":"tag-schlagzeilen"},"share_on_mastodon":{"url":"https:\/\/pubeurope.com\/@de\/115386691409441045","error":""},"_links":{"self":[{"href":"https:\/\/www.europesays.com\/de\/wp-json\/wp\/v2\/posts\/504490","targetHints":{"allow":["GET"]}}],"collection":[{"href":"https:\/\/www.europesays.com\/de\/wp-json\/wp\/v2\/posts"}],"about":[{"href":"https:\/\/www.europesays.com\/de\/wp-json\/wp\/v2\/types\/post"}],"author":[{"embeddable":true,"href":"https:\/\/www.europesays.com\/de\/wp-json\/wp\/v2\/users\/2"}],"replies":[{"embeddable":true,"href":"https:\/\/www.europesays.com\/de\/wp-json\/wp\/v2\/comments?post=504490"}],"version-history":[{"count":0,"href":"https:\/\/www.europesays.com\/de\/wp-json\/wp\/v2\/posts\/504490\/revisions"}],"wp:featuredmedia":[{"embeddable":true,"href":"https:\/\/www.europesays.com\/de\/wp-json\/wp\/v2\/media\/504491"}],"wp:attachment":[{"href":"https:\/\/www.europesays.com\/de\/wp-json\/wp\/v2\/media?parent=504490"}],"wp:term":[{"taxonomy":"category","embeddable":true,"href":"https:\/\/www.europesays.com\/de\/wp-json\/wp\/v2\/categories?post=504490"},{"taxonomy":"post_tag","embeddable":true,"href":"https:\/\/www.europesays.com\/de\/wp-json\/wp\/v2\/tags?post=504490"}],"curies":[{"name":"wp","href":"https:\/\/api.w.org\/{rel}","templated":true}]}}