{"id":504494,"date":"2025-10-17T00:33:12","date_gmt":"2025-10-17T00:33:12","guid":{"rendered":"https:\/\/www.europesays.com\/de\/504494\/"},"modified":"2025-10-17T00:33:12","modified_gmt":"2025-10-17T00:33:12","slug":"bikerhotel-im-erzgebirge-eroeffnung-verzoegert-sich-erneut","status":"publish","type":"post","link":"https:\/\/www.europesays.com\/de\/504494\/","title":{"rendered":"Bikerhotel im Erzgebirge: Er\u00f6ffnung verz\u00f6gert sich erneut"},"content":{"rendered":"<p class=\"bold\">\n\t\t\t\t\t\t\t\t\t\tDie Fertigstellung des neuen Bikerhotels in der Motorradstadt Zschopau verz\u00f6gert sich weiter. Investor Toralf Zinner erkl\u00e4rt den aktuellen Stand der Bauarbeiten und wie das Projekt einen neuen Impuls bekommen soll.\t\t\t\t<\/p>\n<p>\t\t\t\t Von au\u00dfen sieht das neue Bikerhotel in Zschopau fast fertig aus: neues Dach, frischer Putz, moderne Fenster \u2013 alles wirkt bereit f\u00fcr die Er\u00f6ffnung. Doch auf der Baustelle herrscht seit Wochen Stille, wie bei einem Marathonl\u00e4ufer, dem auf den letzten Metern die Puste ausgegangen ist.<\/p>\n<p>\t\t<img decoding=\"async\" class=\"fp-plus-logo\" src=\"https:\/\/www.freiepresse.de\/img\/fpplus.svg\" alt=\"Freie Presse plus Logo\"\/><\/p>\n<p>Registrieren und testen.<\/p>\n<p>Jetzt mit Ihrer Registrierung 1 Monat gratis testen und alle Beitr\u00e4ge lesen.<\/p>\n<p>Schon Abonnent? Melden Sie sich mit ihren Zugangsdaten an.<\/p>\n","protected":false},"excerpt":{"rendered":"Die Fertigstellung des neuen Bikerhotels in der Motorradstadt Zschopau verz\u00f6gert sich weiter. Investor Toralf Zinner erkl\u00e4rt den aktuellen&hellip;\n","protected":false},"author":2,"featured_media":504495,"comment_status":"","ping_status":"","sticky":false,"template":"","format":"standard","meta":{"footnotes":""},"categories":[1851],"tags":[2770,3364,29,548,663,3934,30,13,5331,14,15,859,12],"class_list":{"0":"post-504494","1":"post","2":"type-post","3":"status-publish","4":"format-standard","5":"has-post-thumbnail","7":"category-chemnitz","8":"tag-chemnitz","9":"tag-de","10":"tag-deutschland","11":"tag-eu","12":"tag-europa","13":"tag-europe","14":"tag-germany","15":"tag-headlines","16":"tag-immobilien","17":"tag-nachrichten","18":"tag-news","19":"tag-sachsen","20":"tag-schlagzeilen"},"share_on_mastodon":{"url":"https:\/\/pubeurope.com\/@de\/115386699390579652","error":""},"_links":{"self":[{"href":"https:\/\/www.europesays.com\/de\/wp-json\/wp\/v2\/posts\/504494","targetHints":{"allow":["GET"]}}],"collection":[{"href":"https:\/\/www.europesays.com\/de\/wp-json\/wp\/v2\/posts"}],"about":[{"href":"https:\/\/www.europesays.com\/de\/wp-json\/wp\/v2\/types\/post"}],"author":[{"embeddable":true,"href":"https:\/\/www.europesays.com\/de\/wp-json\/wp\/v2\/users\/2"}],"replies":[{"embeddable":true,"href":"https:\/\/www.europesays.com\/de\/wp-json\/wp\/v2\/comments?post=504494"}],"version-history":[{"count":0,"href":"https:\/\/www.europesays.com\/de\/wp-json\/wp\/v2\/posts\/504494\/revisions"}],"wp:featuredmedia":[{"embeddable":true,"href":"https:\/\/www.europesays.com\/de\/wp-json\/wp\/v2\/media\/504495"}],"wp:attachment":[{"href":"https:\/\/www.europesays.com\/de\/wp-json\/wp\/v2\/media?parent=504494"}],"wp:term":[{"taxonomy":"category","embeddable":true,"href":"https:\/\/www.europesays.com\/de\/wp-json\/wp\/v2\/categories?post=504494"},{"taxonomy":"post_tag","embeddable":true,"href":"https:\/\/www.europesays.com\/de\/wp-json\/wp\/v2\/tags?post=504494"}],"curies":[{"name":"wp","href":"https:\/\/api.w.org\/{rel}","templated":true}]}}