{"id":504507,"date":"2025-10-17T00:40:12","date_gmt":"2025-10-17T00:40:12","guid":{"rendered":"https:\/\/www.europesays.com\/de\/504507\/"},"modified":"2025-10-17T00:40:12","modified_gmt":"2025-10-17T00:40:12","slug":"baden-wuerttemberg-arbeiter-stuerzt-zwoelf-meter-in-die-tiefe","status":"publish","type":"post","link":"https:\/\/www.europesays.com\/de\/504507\/","title":{"rendered":"Baden-W\u00fcrttemberg: Arbeiter st\u00fcrzt zw\u00f6lf Meter in die Tiefe"},"content":{"rendered":"<p>                    Baden-W\u00fcrttemberg<br \/>\n                Arbeiter st\u00fcrzt zw\u00f6lf Meter in die Tiefe<\/p>\n<p>\t\t\t\t              16.10.2025, 17:16 Uhr<\/p>\n<p><strong>Ein Arbeiter f\u00e4llt in Karlsruhe von einem Dach und erleidet mehrere Knochenbr\u00fcche. Was bisher \u00fcber den Unfallhergang bekannt ist.<\/strong><\/p>\n<p>Karlsruhe (dpa\/lsw) &#8211; Ein Arbeiter ist in Karlsruhe von einem Dach gest\u00fcrzt und zw\u00f6lf Meter tief gefallen. Dabei soll er sich mehrere Knochen gebrochen haben. Der 26-J\u00e4hrige habe an der Montage eines Fertigbauteils gearbeitet, das von einem Kran auf das Dach gehoben wurde, wie ein Polizeisprecher sagte. Dabei kam der Mann ersten Erkenntnissen zufolge zu nah an die Dachkante und st\u00fcrzte herab. Worauf er landete, blieb vorerst unklar.<\/p>\n<p>Ein Rettungswagen brachte ihn schwer verletzt in ein Krankenhaus. Lebensgefahr bestand laut Sprecher nicht. Wie es genau zu dem Unfall kam, werde noch ermittelt.<\/p>\n","protected":false},"excerpt":{"rendered":"Baden-W\u00fcrttemberg Arbeiter st\u00fcrzt zw\u00f6lf Meter in die Tiefe 16.10.2025, 17:16 Uhr Ein Arbeiter f\u00e4llt in Karlsruhe von einem&hellip;\n","protected":false},"author":2,"featured_media":504508,"comment_status":"","ping_status":"","sticky":false,"template":"","format":"standard","meta":{"footnotes":""},"categories":[1844],"tags":[5745,1634,3364,29,30,8903,20080,38908],"class_list":{"0":"post-504507","1":"post","2":"type-post","3":"status-publish","4":"format-standard","5":"has-post-thumbnail","7":"category-karlsruhe","8":"tag-arbeiter","9":"tag-baden-wuerttemberg","10":"tag-de","11":"tag-deutschland","12":"tag-germany","13":"tag-karlsruhe","14":"tag-meter","15":"tag-tiefe"},"share_on_mastodon":{"url":"https:\/\/pubeurope.com\/@de\/115386727044900140","error":""},"_links":{"self":[{"href":"https:\/\/www.europesays.com\/de\/wp-json\/wp\/v2\/posts\/504507","targetHints":{"allow":["GET"]}}],"collection":[{"href":"https:\/\/www.europesays.com\/de\/wp-json\/wp\/v2\/posts"}],"about":[{"href":"https:\/\/www.europesays.com\/de\/wp-json\/wp\/v2\/types\/post"}],"author":[{"embeddable":true,"href":"https:\/\/www.europesays.com\/de\/wp-json\/wp\/v2\/users\/2"}],"replies":[{"embeddable":true,"href":"https:\/\/www.europesays.com\/de\/wp-json\/wp\/v2\/comments?post=504507"}],"version-history":[{"count":0,"href":"https:\/\/www.europesays.com\/de\/wp-json\/wp\/v2\/posts\/504507\/revisions"}],"wp:featuredmedia":[{"embeddable":true,"href":"https:\/\/www.europesays.com\/de\/wp-json\/wp\/v2\/media\/504508"}],"wp:attachment":[{"href":"https:\/\/www.europesays.com\/de\/wp-json\/wp\/v2\/media?parent=504507"}],"wp:term":[{"taxonomy":"category","embeddable":true,"href":"https:\/\/www.europesays.com\/de\/wp-json\/wp\/v2\/categories?post=504507"},{"taxonomy":"post_tag","embeddable":true,"href":"https:\/\/www.europesays.com\/de\/wp-json\/wp\/v2\/tags?post=504507"}],"curies":[{"name":"wp","href":"https:\/\/api.w.org\/{rel}","templated":true}]}}