{"id":504513,"date":"2025-10-17T00:43:10","date_gmt":"2025-10-17T00:43:10","guid":{"rendered":"https:\/\/www.europesays.com\/de\/504513\/"},"modified":"2025-10-17T00:43:10","modified_gmt":"2025-10-17T00:43:10","slug":"ex-kiss-gitarrist-ace-frehley-mit-74-jahren-gestorben","status":"publish","type":"post","link":"https:\/\/www.europesays.com\/de\/504513\/","title":{"rendered":"Ex-Kiss-Gitarrist Ace Frehley mit 74 Jahren gestorben"},"content":{"rendered":"<p>Los Angeles (dpa) &#8211; Ace Frehley, der fr\u00fchere Lead-Gitarrist der Rockband Kiss, ist tot. \u00abWir sind tief ersch\u00fcttert und untr\u00f6stlich\u00bb, hei\u00dft es in einer Mitteilung seiner Familie, die der Deutschen Presse-Agentur vorliegt. In seinen letzten Momenten h\u00e4tten die Angeh\u00f6rigen ihm mit liebenden, friedlichen Worten zur Seite gestanden. Er starb demnach in der Stadt Morristown im US-Staat New Jersey. Der Musiker wurde 74 Jahre alt.\u00a0<\/p>\n<p>Seine Sprecherin Lori Lousararian teilte mit, dass Frehley j\u00fcngst in seinem Haus gest\u00fcrzt sei. Die genaue Todesursache wurde zun\u00e4chst aber nicht bekannt.\u00a0<\/p>\n<p>Erfolg mit Kiss und einer Solo-Karriere<\/p>\n<p>Die Rock-Band Kiss wurde 1973 in New York gegr\u00fcndet und machte mit<br \/>wildem Make-up, spektakul\u00e4ren Kost\u00fcmen und theatralischen Live-Shows<br \/>Furore. Damals geh\u00f6rten neben Lead-Gitarrist Frehley der Bassist und S\u00e4nger Gene Simmons, S\u00e4nger und Gitarrist Paul Stanley und Schlagzeuger Peter Criss dazu. Zu den gr\u00f6\u00dften Kiss-Hits z\u00e4hlen unter anderen \u00abI Was Made for<br \/>Lovin&#8216; You\u00bb, \u00abRock and Roll All Nite\u00bb und \u00abBlack Diamond\u00bb.\u00a0<\/p>\n<p>Frehley verlie\u00df die Band 1982, um eine Solo-Karriere zu starten. 1996 war er<br \/>bei der h\u00f6chst erfolgreichen Reunion-Tour von Kiss aber wieder dabei. Zuletzt brachte Frehley 2024 das Rockalbum \u00ab10.000 Volts\u00bb heraus.<\/p>\n","protected":false},"excerpt":{"rendered":"Los Angeles (dpa) &#8211; Ace Frehley, der fr\u00fchere Lead-Gitarrist der Rockband Kiss, ist tot. \u00abWir sind tief ersch\u00fcttert&hellip;\n","protected":false},"author":2,"featured_media":504514,"comment_status":"","ping_status":"","sticky":false,"template":"","format":"standard","meta":{"footnotes":""},"categories":[1843],"tags":[3364,29,30,2549,8970,810,1209,64],"class_list":{"0":"post-504513","1":"post","2":"type-post","3":"status-publish","4":"format-standard","5":"has-post-thumbnail","7":"category-muenster","8":"tag-de","9":"tag-deutschland","10":"tag-germany","11":"tag-leute","12":"tag-muenster","13":"tag-musik","14":"tag-nordrhein-westfalen","15":"tag-usa"},"share_on_mastodon":{"url":"https:\/\/pubeurope.com\/@de\/115386738613268411","error":""},"_links":{"self":[{"href":"https:\/\/www.europesays.com\/de\/wp-json\/wp\/v2\/posts\/504513","targetHints":{"allow":["GET"]}}],"collection":[{"href":"https:\/\/www.europesays.com\/de\/wp-json\/wp\/v2\/posts"}],"about":[{"href":"https:\/\/www.europesays.com\/de\/wp-json\/wp\/v2\/types\/post"}],"author":[{"embeddable":true,"href":"https:\/\/www.europesays.com\/de\/wp-json\/wp\/v2\/users\/2"}],"replies":[{"embeddable":true,"href":"https:\/\/www.europesays.com\/de\/wp-json\/wp\/v2\/comments?post=504513"}],"version-history":[{"count":0,"href":"https:\/\/www.europesays.com\/de\/wp-json\/wp\/v2\/posts\/504513\/revisions"}],"wp:featuredmedia":[{"embeddable":true,"href":"https:\/\/www.europesays.com\/de\/wp-json\/wp\/v2\/media\/504514"}],"wp:attachment":[{"href":"https:\/\/www.europesays.com\/de\/wp-json\/wp\/v2\/media?parent=504513"}],"wp:term":[{"taxonomy":"category","embeddable":true,"href":"https:\/\/www.europesays.com\/de\/wp-json\/wp\/v2\/categories?post=504513"},{"taxonomy":"post_tag","embeddable":true,"href":"https:\/\/www.europesays.com\/de\/wp-json\/wp\/v2\/tags?post=504513"}],"curies":[{"name":"wp","href":"https:\/\/api.w.org\/{rel}","templated":true}]}}