{"id":504517,"date":"2025-10-17T00:45:14","date_gmt":"2025-10-17T00:45:14","guid":{"rendered":"https:\/\/www.europesays.com\/de\/504517\/"},"modified":"2025-10-17T00:45:14","modified_gmt":"2025-10-17T00:45:14","slug":"vernichtende-niederlage-gegen-vfb-fichte-bielefeld-saftige-niederlage-fuer-fc-tuerk-sport-bielefeld","status":"publish","type":"post","link":"https:\/\/www.europesays.com\/de\/504517\/","title":{"rendered":"Vernichtende Niederlage gegen VfB Fichte Bielefeld \u2013 saftige Niederlage f\u00fcr FC T\u00fcrk Sport Bielefeld"},"content":{"rendered":"<p>                                Spielinfos:<br \/>\nDatum &amp; Uhrzeit: 12.10.2025 15.00 Uhr<br \/>Austragungsort: Bielefeld<br \/>Wettbewerb: Bezirksliga Staffel 2<br \/>Spieltag: 10<\/p>\n<p>Spielbericht: VfB Fichte Bielefeld gegen FC T\u00fcrk Sport Bielefeld 8:0 (2:0)<\/p>\n<p id=\"absatz2\" class=\"em_text\">Bielefeld. Ein au\u00dfergew\u00f6hnliches Heimspiel legen die Spieler des VfB Fichte Bielefeld am Sonntag gegen die Gegner aus Bielefeld hin: Acht B\u00e4lle kann das Team von Ferhat Kilinc dem FC T\u00fcrk Sport Bielefeld ins Netz dr\u00fccken.<\/p>\n<p id=\"absatz4\" class=\"em_text\">F\u00fcr den FC T\u00fcrk Sport Bielefeld kann es viel schlechter nicht laufen. Nach 17 Minuten man\u00f6vriert Muhammet-Ali \u00d6zel den Ball ungl\u00fccklich ins eigene Tor und schenkt den Bielefeldern so eine gl\u00fcckliche F\u00fchrung. Die Bielefelder setzen nochmal nach: Drei Minuten vor der Halbzeitpause f\u00e4llt ein weiteres Tor durch Tanju Dalgic. Der Siegeszug der Bielefelder bricht nicht ab. Einen Ball nach dem anderen versenkt das Team von Trainer Ferhat Kilinc im gegnerischen Tor. Burak G\u00f6zl\u00fc trifft in Minute 56, Tanju Dalgic in Minute 65, Walid Yerima zweimal in Minute 82 und 83 und Luan Ekinci in Minute 85. Es steht 7:0 f\u00fcr den VfB Fichte Bielefeld.<\/p>\n<p id=\"absatz5\" class=\"em_text\">In der Nachspielzeit schafft es der VfB Fichte Bielefeld dann noch einmal: Mit der letzten Torchance kickt Muhammet Raci S\u00f6zer den Ball mit Erfolg ins gegnerische Tor und kann den Abstand zum 8:0 erweitern. Damit ist der Sieg des VfB Fichte Bielefeld gesichert (92). Platz elf geh\u00f6rt ihnen. Der FC T\u00fcrk Sport Bielefeld rutscht dennoch auf Platz acht ab.<\/p>\n<p>Die Aufstellungen: VfB Fichte Bielefeld &#8211; FC T\u00fcrk Sport Bielefeld<br \/>\nVfB Fichte Bielefeld: Ibrahim Kalemci (5), Onur Bersan Toks\u00f6z (7), Felix Kwarteng (20), Lukas Kuck (24), Marcin Tyburcy (16), Furkan Baytekin (22), Tanju Dalgic (17), Burak G\u00f6zl\u00fc (21), Markus Oberwittler (1), Muhammet Raci S\u00f6zer (31), Serdar Orkan Toks\u00f6z (12)<br \/>FC T\u00fcrk Sport Bielefeld: Muhammet-Ali \u00d6zel (30), Hakan Baris (20), Sinan \u00d6zt\u00fcrk (7), Mohamed Ajdar Moulla (24), Bilind Hoger Kheri (11), Axel Fiorello Kouadio (14), Olivan Pelenk (9), Panagiotis Loukas (1), Mert Bozkurt (10), Sekouba Cissoko (15), Batuhan Irmak (8)<br \/>Schiedsrichter: Harun Cebba (Bielefeld)Assistent: Metin Souk<\/p>\n<p id=\"absatz7\" class=\"em_text\" style=\"font-size: .8em;\">Die Inhalte dieses Berichts wurden automatisch auf der Basis von DFB-Daten zusammengestellt.<\/p>\n","protected":false},"excerpt":{"rendered":"Spielinfos: Datum &amp; Uhrzeit: 12.10.2025 15.00 UhrAustragungsort: BielefeldWettbewerb: Bezirksliga Staffel 2Spieltag: 10 Spielbericht: VfB Fichte Bielefeld gegen FC&hellip;\n","protected":false},"author":2,"featured_media":504518,"comment_status":"","ping_status":"","sticky":false,"template":"","format":"standard","meta":{"footnotes":""},"categories":[1841],"tags":[16320,1605,3364,29,16321,35366,5282,30,734,7774,1613,126032,126033,17781,1209,16326,7773,7765,8404],"class_list":{"0":"post-504517","1":"post","2":"type-post","3":"status-publish","4":"format-standard","5":"has-post-thumbnail","7":"category-bielefeld","8":"tag-bezirksliga","9":"tag-bielefeld","10":"tag-de","11":"tag-deutschland","12":"tag-fc-trk-sport-bielefeld","13":"tag-ferhat-kilinc","14":"tag-fuball","15":"tag-germany","16":"tag-meta_artikelklasse_nachricht","17":"tag-meta_themen_sport","18":"tag-meta_userneeds_informieremich","19":"tag-muhammet-raci-szer","20":"tag-muhammet-ali-zel","21":"tag-niederlage","22":"tag-nordrhein-westfalen","23":"tag-serie_ligaid_210864","24":"tag-serie_ligaid_all","25":"tag-spielinfo","26":"tag-westfalen"},"share_on_mastodon":{"url":"https:\/\/pubeurope.com\/@de\/115386746417777762","error":""},"_links":{"self":[{"href":"https:\/\/www.europesays.com\/de\/wp-json\/wp\/v2\/posts\/504517","targetHints":{"allow":["GET"]}}],"collection":[{"href":"https:\/\/www.europesays.com\/de\/wp-json\/wp\/v2\/posts"}],"about":[{"href":"https:\/\/www.europesays.com\/de\/wp-json\/wp\/v2\/types\/post"}],"author":[{"embeddable":true,"href":"https:\/\/www.europesays.com\/de\/wp-json\/wp\/v2\/users\/2"}],"replies":[{"embeddable":true,"href":"https:\/\/www.europesays.com\/de\/wp-json\/wp\/v2\/comments?post=504517"}],"version-history":[{"count":0,"href":"https:\/\/www.europesays.com\/de\/wp-json\/wp\/v2\/posts\/504517\/revisions"}],"wp:featuredmedia":[{"embeddable":true,"href":"https:\/\/www.europesays.com\/de\/wp-json\/wp\/v2\/media\/504518"}],"wp:attachment":[{"href":"https:\/\/www.europesays.com\/de\/wp-json\/wp\/v2\/media?parent=504517"}],"wp:term":[{"taxonomy":"category","embeddable":true,"href":"https:\/\/www.europesays.com\/de\/wp-json\/wp\/v2\/categories?post=504517"},{"taxonomy":"post_tag","embeddable":true,"href":"https:\/\/www.europesays.com\/de\/wp-json\/wp\/v2\/tags?post=504517"}],"curies":[{"name":"wp","href":"https:\/\/api.w.org\/{rel}","templated":true}]}}