{"id":504519,"date":"2025-10-17T00:46:19","date_gmt":"2025-10-17T00:46:19","guid":{"rendered":"https:\/\/www.europesays.com\/de\/504519\/"},"modified":"2025-10-17T00:46:19","modified_gmt":"2025-10-17T00:46:19","slug":"grosse-baustelle-auf-wuppertaler-strasse-ab-montag","status":"publish","type":"post","link":"https:\/\/www.europesays.com\/de\/504519\/","title":{"rendered":"Gro\u00dfe Baustelle auf Wuppertaler Stra\u00dfe ab Montag"},"content":{"rendered":"<p>Und das dauert, je nach Wetter, drei bis vier Wochen. Betroffen ist der Abschnitt in H\u00f6he Hausnummer 127, etwa in H\u00f6he der B\u00e4ckerei St\u00f6cker und des Blumenladens Wupper. Wegen der Baustelle ist dann nur eine Spur frei. Richtung Central und Innenstadt k\u00f6nnen Autos fahren, stadtausw\u00e4rts Richtung Wuppertal gibt es eine Umleitung: ab Haribo wird der Verkehr rechts in die Tersteegenstra\u00dfe und \u00fcber Dycker Feld zur\u00fcck auf die Wuppertaler Stra\u00dfe gef\u00fchrt. Schon heute (16.10.25) wird die Baustelle samt Baustellenampel eingerichtet. Unter der Wuppertaler Stra\u00dfe l\u00e4uft der Durchlass des N\u00fcmmener Baches &#8211; der bekommt eine Betonverrohrung. (as)<\/p>\n","protected":false},"excerpt":{"rendered":"Und das dauert, je nach Wetter, drei bis vier Wochen. Betroffen ist der Abschnitt in H\u00f6he Hausnummer 127,&hellip;\n","protected":false},"author":2,"featured_media":504520,"comment_status":"","ping_status":"","sticky":false,"template":"","format":"standard","meta":{"footnotes":""},"categories":[1840],"tags":[94970,2081,2461,3364,29,30,1209,2224,4418],"class_list":{"0":"post-504519","1":"post","2":"type-post","3":"status-publish","4":"format-standard","5":"has-post-thumbnail","7":"category-wuppertal","8":"tag-wuppertaler-strae","9":"tag-bauarbeiten","10":"tag-baustelle","11":"tag-de","12":"tag-deutschland","13":"tag-germany","14":"tag-nordrhein-westfalen","15":"tag-sperrung","16":"tag-wuppertal"},"share_on_mastodon":{"url":"https:\/\/pubeurope.com\/@de\/115386750327080235","error":""},"_links":{"self":[{"href":"https:\/\/www.europesays.com\/de\/wp-json\/wp\/v2\/posts\/504519","targetHints":{"allow":["GET"]}}],"collection":[{"href":"https:\/\/www.europesays.com\/de\/wp-json\/wp\/v2\/posts"}],"about":[{"href":"https:\/\/www.europesays.com\/de\/wp-json\/wp\/v2\/types\/post"}],"author":[{"embeddable":true,"href":"https:\/\/www.europesays.com\/de\/wp-json\/wp\/v2\/users\/2"}],"replies":[{"embeddable":true,"href":"https:\/\/www.europesays.com\/de\/wp-json\/wp\/v2\/comments?post=504519"}],"version-history":[{"count":0,"href":"https:\/\/www.europesays.com\/de\/wp-json\/wp\/v2\/posts\/504519\/revisions"}],"wp:featuredmedia":[{"embeddable":true,"href":"https:\/\/www.europesays.com\/de\/wp-json\/wp\/v2\/media\/504520"}],"wp:attachment":[{"href":"https:\/\/www.europesays.com\/de\/wp-json\/wp\/v2\/media?parent=504519"}],"wp:term":[{"taxonomy":"category","embeddable":true,"href":"https:\/\/www.europesays.com\/de\/wp-json\/wp\/v2\/categories?post=504519"},{"taxonomy":"post_tag","embeddable":true,"href":"https:\/\/www.europesays.com\/de\/wp-json\/wp\/v2\/tags?post=504519"}],"curies":[{"name":"wp","href":"https:\/\/api.w.org\/{rel}","templated":true}]}}