{"id":504539,"date":"2025-10-17T00:56:11","date_gmt":"2025-10-17T00:56:11","guid":{"rendered":"https:\/\/www.europesays.com\/de\/504539\/"},"modified":"2025-10-17T00:56:11","modified_gmt":"2025-10-17T00:56:11","slug":"hoechste-zeit-dass-europa-an-unabhaengigkeit-zulegt","status":"publish","type":"post","link":"https:\/\/www.europesays.com\/de\/504539\/","title":{"rendered":"H\u00f6chste Zeit, dass Europa an Unabh\u00e4ngigkeit zulegt"},"content":{"rendered":"<p itemprop=\"description\">\n                        Europa lebt mit unz\u00e4hligen Abh\u00e4ngigkeiten. Solange die Politik keine Rezepte hat, helfen private Initiativen, Abh\u00e4ngigkeiten in kleinen Schritten zu minimieren.\n                    <\/p>\n<p>Wenn <strong>Donald Trumps<\/strong> Maga-Pl\u00e4ne, seine Strategien, sofern er welche hat, und seine Launen eskalieren, erbebt die Welt. Oder sie erstarrt, je nachdem. Das trifft insbesondere auf Europa zu.<\/p>\n<p>Europa ist auf nahezu alles schlecht bis gar nicht vorbereitet und verf\u00fcgt nur \u00fcber ein sehr kleines Arsenal an Brain, Strategien, Instrumenten und Argumenten, welche die Trumps, Putins und Xi Jinpings dieser Erde beeindrucken k\u00f6nnten.<\/p>\n<p>Solange das so bleibt, werden weiterhin L\u00e4nder, Staatschefs, Parlamente, Wirtschaft und B\u00f6rsen in Europa beben, wenn einer der Grossen die Droh-, Zoll- oder Wirtschafts-Keule schwingt, um r\u00fccksichtslos eigene Ziele durchzusetzen.<\/p>\n<p>Europa lebt mit unz\u00e4hligen Abh\u00e4ngigkeiten<\/p>\n<p>Die Politik h\u00fcben und dr\u00fcben ist zu sehr mit sich selbst besch\u00e4ftigt, um sich auch noch darum zu k\u00fcmmern, mit welchen Betriebssystemen unsere Smartphones laufen.\u00a0<\/p>\n<p>Panik und Hektik in Parlamenten \u2013 ebenfalls h\u00fcben und dr\u00fcben \u2013 w\u00fcrde allerdings dann aufkommen, wenn alle unsere Handys nicht mehr laufen. Das w\u00e4re dann der Fall, wenn Android und Apple auf Anordnung ihres Pr\u00e4sidenten Europa den Stecker ziehen w\u00fcrden. Smartphones sind privat und gesch\u00e4ftlich zur unverzichtbaren Kommunikations-Lebensader geworden, ergo haben sie das Zeug, um als Druckmittel eingesetzt zu werden.<\/p>\n<p>Alle, die es nicht haben kommen sehen, w\u00fcrden in Bundesh\u00e4usern und Parlamenten europ\u00e4ischer L\u00e4nder wie aufgeschreckte H\u00fchner durch die Hallen rennen und sinnen, mit welchen Gef\u00e4lligkeiten und Knief\u00e4llen der drohgeb\u00e4rdende Pr\u00e4sident zu bes\u00e4nftigen w\u00e4re, auf dass Europa weiterhin am Tropf von Android und Apple kommunizieren d\u00fcrfte.<\/p>\n<p>Dieses reaktive Verhalten ist nicht nur peinlich und unw\u00fcrdig, es ist auch kurzsichtig und dumm. In Zeiten von Regenten wie Trump, Putin und anderen m\u00fcssen denkbegabte Menschen als Eventualit\u00e4t grunds\u00e4tzlich alles Denkbare kommen sehen. Technologie, Rohstoffe und andere Ressourcen werden r\u00fccksichtslos als strategisches und politisches Druckmittel eingesetzt, um eigene Pl\u00e4ne durchs Ziel zu bringen. Wer nicht pariert, wird auf Entzug gesetzt. Oder mit anderen H\u00fcrden bestraft.<\/p>\n<p>Dieses Prozedere ist in Varianten jetzt bereits wiederholt durchgespielt worden. Europa verharrt jedoch weiterhin in der Position des Bittstellers, der um Gnade fleht und fast alles tut, um die Herrscher und Despoten gn\u00e4dig zu stimmen.\u00a0<\/p>\n<p>Es w\u00e4re langsam Zeit, sich aus dem W\u00fcrgegriff des Diktats zu befreien, Unabh\u00e4ngigkeit zu schaffen und an eigener St\u00e4rke und Selbstbewusstsein zuzulegen. Das geht selbstverst\u00e4ndlich nicht von heute auf morgen, aber ein Europa, das sich sichtbar auf den Weg macht, w\u00fcrde erste positive Signale in alle Richtungen senden.<\/p>\n<p>Auch kleine Schritte k\u00f6nnen etwas bewirken<\/p>\n<p>Das Beispiel mit den Smartphones zeigt nur eine Abh\u00e4ngikeit unter vielen. Ohne die USA oder auch China steht Europa mit Technologie, Hardware und Software f\u00fcr den Alltag auf ziemlich verlorenem Posten.<\/p>\n<p>Solange Politik und Parlamente streckenweise hilflos und orientierungslos rumrudern, ohne ernsthaft konkrete Strategien zu verfolgen, k\u00f6nnen Unternehmen und Privatpersonen Beitr\u00e4ge leisten, um die klaffende L\u00fccke zu f\u00fcllen.<\/p>\n<p>Zum Beispiel: die Initiative Switch2Change<\/p>\n<p>\u00dcber die Website <a href=\"https:\/\/switch2change.org\" target=\"_blank\" class=\"external\" rel=\"noreferrer noopener\">Switch2Change<\/a>\u00a0k\u00f6nnen Privatpersonen und Unternehmen<strong>\u00a0<\/strong>ihre Ausgaben f\u00fcr US-Produkte und -Dienste bilanzieren\u00a0und \u2013 wenn gew\u00fcnscht \u2013 auf europ\u00e4ische oder schweizerische Alternativen umleiten.<\/p>\n<p>Switch2Change ist kein politisches Projekt, keine Ideologie und kein Boykott, vielmehr ein bewusster Weg, bestehende Abh\u00e4ngigkeien zu minimieren und dadurch die Wirtschaft in Europa und in der Schweiz zu st\u00e4rken. Es geht um\u00a0wirtschaftliche Souver\u00e4nit\u00e4t, starke KMU und mehr Wertsch\u00f6pfung im eigenen Wirtschaftsraum.<\/p>\n<p>\u00dcber die Plattform\u00a0Switch2Change kann das eigene Inventar an Hardware, Software,\u00a0Cloud, Streaming, Kommunikation, E-Commerce und mehr online erfasst werden. Das macht die US-Ausgaben sichtbar.<\/p>\n<p>Pro Service kann die grunds\u00e4tzliche Wechselbereitschaft markiert werden. Ist diese vorhanden, macht die Plattform Vorschl\u00e4ge, wo analoge Dienste von europ\u00e4ischen Anbietern zu welchen Konditionen erh\u00e4ltlich sind. Wechseln wird einfach und jeder Wechsel st\u00e4rkt die Unabh\u00e4ngkeit von Europa, indem er die Abh\u00e4ngigkeit von den USA minimiert.<\/p>\n<p>Diese Initiative steht erst am Anfang, hat jedoch in kurzer Zeit bereits 50 Millionen Euro der USA-Ums\u00e4tze zu europ\u00e4ischen Anbietern geswitched.<\/p>\n<p>Der Service ist kostenlos, zeigt die eigenen Kapitalfl\u00fcsse in Richtung USA und bietet, wenn gew\u00fcnscht, den Switch zu europ\u00e4ischen Alternativen. Informationen und alle Details\u00a0<a href=\"https:\/\/switch2change.org\/\" target=\"_blank\" class=\"external\" rel=\"noreferrer noopener\">gibt&#8217;s hier<\/a>.<\/p>\n","protected":false},"excerpt":{"rendered":"Europa lebt mit unz\u00e4hligen Abh\u00e4ngigkeiten. Solange die Politik keine Rezepte hat, helfen private Initiativen, Abh\u00e4ngigkeiten in kleinen Schritten&hellip;\n","protected":false},"author":2,"featured_media":504540,"comment_status":"","ping_status":"","sticky":false,"template":"","format":"standard","meta":{"footnotes":""},"categories":[3933],"tags":[331,332,548,663,158,3934,3935,13,14,15,12,7097,64],"class_list":{"0":"post-504539","1":"post","2":"type-post","3":"status-publish","4":"format-standard","5":"has-post-thumbnail","7":"category-eu","8":"tag-aktuelle-nachrichten","9":"tag-aktuelle-news","10":"tag-eu","11":"tag-europa","12":"tag-europaeische-union","13":"tag-europe","14":"tag-european-union","15":"tag-headlines","16":"tag-nachrichten","17":"tag-news","18":"tag-schlagzeilen","19":"tag-unabhaengigkeit","20":"tag-usa"},"share_on_mastodon":{"url":"https:\/\/pubeurope.com\/@de\/115386789838635229","error":""},"_links":{"self":[{"href":"https:\/\/www.europesays.com\/de\/wp-json\/wp\/v2\/posts\/504539","targetHints":{"allow":["GET"]}}],"collection":[{"href":"https:\/\/www.europesays.com\/de\/wp-json\/wp\/v2\/posts"}],"about":[{"href":"https:\/\/www.europesays.com\/de\/wp-json\/wp\/v2\/types\/post"}],"author":[{"embeddable":true,"href":"https:\/\/www.europesays.com\/de\/wp-json\/wp\/v2\/users\/2"}],"replies":[{"embeddable":true,"href":"https:\/\/www.europesays.com\/de\/wp-json\/wp\/v2\/comments?post=504539"}],"version-history":[{"count":0,"href":"https:\/\/www.europesays.com\/de\/wp-json\/wp\/v2\/posts\/504539\/revisions"}],"wp:featuredmedia":[{"embeddable":true,"href":"https:\/\/www.europesays.com\/de\/wp-json\/wp\/v2\/media\/504540"}],"wp:attachment":[{"href":"https:\/\/www.europesays.com\/de\/wp-json\/wp\/v2\/media?parent=504539"}],"wp:term":[{"taxonomy":"category","embeddable":true,"href":"https:\/\/www.europesays.com\/de\/wp-json\/wp\/v2\/categories?post=504539"},{"taxonomy":"post_tag","embeddable":true,"href":"https:\/\/www.europesays.com\/de\/wp-json\/wp\/v2\/tags?post=504539"}],"curies":[{"name":"wp","href":"https:\/\/api.w.org\/{rel}","templated":true}]}}