{"id":504557,"date":"2025-10-17T01:07:39","date_gmt":"2025-10-17T01:07:39","guid":{"rendered":"https:\/\/www.europesays.com\/de\/504557\/"},"modified":"2025-10-17T01:07:39","modified_gmt":"2025-10-17T01:07:39","slug":"foerdermittel-fuer-dankeschoenveranstaltungen-2025-%c2%b7-nienburg","status":"publish","type":"post","link":"https:\/\/www.europesays.com\/de\/504557\/","title":{"rendered":"F\u00f6rdermittel f\u00fcr Dankesch\u00f6nveranstaltungen 2025 \u00b7 Nienburg"},"content":{"rendered":"<p itemprop=\"description\"><strong>Auch in diesem Jahr k\u00f6nnen die Vereine aus Niedersachsen einen F\u00f6rderantrag f\u00fcr ihre Dankesch\u00f6nveranstaltung beim LandesSportBund Niedersachsen e.V. einreichen. Dies ist im Zeitraum vom 16. Oktober 2025 bis 30. November 2025 m\u00f6glich. M\u00f6glich sind bis zu 1000\u20ac bei 20% Eigenanteil.<\/strong><\/p>\n<p><img loading=\"lazy\" decoding=\"async\" src=\"https:\/\/www.nienburg-online.de\/images\/sport\/12-86121.png\" width=\"400\" height=\"500\" alt=\"Dankesch\u00f6nveranstaltung 2025\" title=\"\" itemprop=\"image\"\/>LSB Niedersachsen<\/p>\n<p>Ihr m\u00f6chtet euren freiwilligen und ehrenamtlich Engagierten f\u00fcr die geleistete Arbeit danken? Dann habt ihr vom\u00a0<strong>16. Oktober\u00a0bis 30. November 2025<\/strong>\u00a0hier die M\u00f6glichkeit, Antr\u00e4ge f\u00fcr eure Dankesch\u00f6nveranstaltung zu stellen.<\/p>\n<p>Dankesch\u00f6nveranstaltungen werden mit\u00a0bis zu <strong>1.000 \u20ac\u00a0und max. 80 % der f\u00f6rderf\u00e4higen Ausgaben<\/strong> bezuschusst. Aufgrund des in den Richtlinien geforderten innovativen Charakters richtet sich diese F\u00f6rderung an alle Vereine, die in der Vergangenheit f\u00fcr ihre Dankesch\u00f6nveranstaltungen <strong>noch\u00a0keine\u00a0F\u00f6rdergelder<\/strong> vom LandesSportBund Niedersachsen e.V. erhalten haben.<\/p>\n<p>Im Prozess der F\u00f6rdermittelvergabe wird jeder Antrag gelesen und im Hinblick auf seine Qualit\u00e4t beurteilt. Dar\u00fcber hinaus wirken sich das Vorhandensein eines vom LSB ausgebildeten Freiwilligenmanagers bzw. einer Freiwilligenmanagerin sowie eine bereits durchgef\u00fchrte Engagementberatung positive auf eure Chance aus, F\u00f6rdermittel zu erhalten.<\/p>\n<p><strong>Wichtige Hinweise:<\/strong><\/p>\n<p>1) Im Prozess der F\u00f6rdermittelvergabe kann es zu Ablehnungen kommen! Eine Antragsstellung bedeutet nicht\u00a0automatisch, dass Ihr auch eine Bewilligung erhaltet.<\/p>\n<p>2) Startet mit der Planung eurer Veranstaltung erst nach\u00a0der Bewilligung (Ausgaben, welche vor der Bewilligung entstehen, k\u00f6nnen nicht gef\u00f6rdert werden!).<\/p>\n<p>3) Bitte beachtet, dass pro Verein nur ein Antrag gestellt werden kann.<\/p>\n<p>4) Alle weiteren Informationen zu f\u00f6rderf\u00e4higen Projektkosten k\u00f6nnt Ihr dem Dokument \u201cHinweise f\u00f6rderf\u00e4hige Projektkosten\u201d entnehmen.<\/p>\n<p>5) Vereine, welche bereits eine Dankesch\u00f6nveranstaltung vom LSB bewilligt bekommen haben, k\u00f6nnen im Vergabeprozess nicht ber\u00fccksichtigt werden.<\/p>\n","protected":false},"excerpt":{"rendered":"Auch in diesem Jahr k\u00f6nnen die Vereine aus Niedersachsen einen F\u00f6rderantrag f\u00fcr ihre Dankesch\u00f6nveranstaltung beim LandesSportBund Niedersachsen e.V.&hellip;\n","protected":false},"author":2,"featured_media":504558,"comment_status":"","ping_status":"","sticky":false,"template":"","format":"standard","meta":{"footnotes":""},"categories":[1836],"tags":[7382,23764,3364,29,45817,9331,30,46,1092,5331,2249,48225,14,1411,3810,6989,29945,5399,1481,80251,3866,3772,7195,10275,4978],"class_list":{"0":"post-504557","1":"post","2":"type-post","3":"status-publish","4":"format-standard","5":"has-post-thumbnail","7":"category-hannover","8":"tag-marktplatz","9":"tag-branchenbuch","10":"tag-de","11":"tag-deutschland","12":"tag-firmen","13":"tag-gemeinden","14":"tag-germany","15":"tag-hannover","16":"tag-hotels","17":"tag-immobilien","18":"tag-meldungen","19":"tag-mittelweser","20":"tag-nachrichten","21":"tag-niedersachsen","22":"tag-nienburg","23":"tag-online","24":"tag-portal","25":"tag-region","26":"tag-service","27":"tag-unterkuenfte","28":"tag-veranstaltungen","29":"tag-verbaende","30":"tag-vereine","31":"tag-werbung","32":"tag-weser"},"share_on_mastodon":{"url":"https:\/\/pubeurope.com\/@de\/115386832951366361","error":""},"_links":{"self":[{"href":"https:\/\/www.europesays.com\/de\/wp-json\/wp\/v2\/posts\/504557","targetHints":{"allow":["GET"]}}],"collection":[{"href":"https:\/\/www.europesays.com\/de\/wp-json\/wp\/v2\/posts"}],"about":[{"href":"https:\/\/www.europesays.com\/de\/wp-json\/wp\/v2\/types\/post"}],"author":[{"embeddable":true,"href":"https:\/\/www.europesays.com\/de\/wp-json\/wp\/v2\/users\/2"}],"replies":[{"embeddable":true,"href":"https:\/\/www.europesays.com\/de\/wp-json\/wp\/v2\/comments?post=504557"}],"version-history":[{"count":0,"href":"https:\/\/www.europesays.com\/de\/wp-json\/wp\/v2\/posts\/504557\/revisions"}],"wp:featuredmedia":[{"embeddable":true,"href":"https:\/\/www.europesays.com\/de\/wp-json\/wp\/v2\/media\/504558"}],"wp:attachment":[{"href":"https:\/\/www.europesays.com\/de\/wp-json\/wp\/v2\/media?parent=504557"}],"wp:term":[{"taxonomy":"category","embeddable":true,"href":"https:\/\/www.europesays.com\/de\/wp-json\/wp\/v2\/categories?post=504557"},{"taxonomy":"post_tag","embeddable":true,"href":"https:\/\/www.europesays.com\/de\/wp-json\/wp\/v2\/tags?post=504557"}],"curies":[{"name":"wp","href":"https:\/\/api.w.org\/{rel}","templated":true}]}}