{"id":504593,"date":"2025-10-17T01:29:13","date_gmt":"2025-10-17T01:29:13","guid":{"rendered":"https:\/\/www.europesays.com\/de\/504593\/"},"modified":"2025-10-17T01:29:13","modified_gmt":"2025-10-17T01:29:13","slug":"muenchen-berlusconi-konzern-sichert-prosiebensat-1-standort-langfristig","status":"publish","type":"post","link":"https:\/\/www.europesays.com\/de\/504593\/","title":{"rendered":"M\u00fcnchen: Berlusconi-Konzern sichert ProSiebenSat.1-Standort langfristig"},"content":{"rendered":"<p>Medien <\/p>\n<p>Berlusconi-Deal perfekt: ProSiebenSat.1 bleibt in Bayern<\/p>\n<p>17.10.2025 &#8211; 03:24 UhrLesedauer: 2 Min.<\/p>\n<p><a href=\"#focus-0\" class=\"transition-colors duration-200 block text-current relative\" data-sctrack=\"FocusGalleryImage.Reference\"><img fetchpriority=\"high\" data-testid=\"Opener.Image\" style=\"--lqipURL:url('https:\/\/images.t-online.de\/2025\/10\/zZgVmrWSrFQd\/0x75:800x450\/fit-in\/150x0\/filters:blur(25)\/das-logo-der-prosiebensat-1-media-se-symbolbild-die-mediengruppe-des-verstorbenen-italienischen-ministerpraesidenten-silvio-berlusconi-haelt-75-prozent-an-der-sendergruppe.jpg')\"   loading=\"eager\" src=\"https:\/\/www.europesays.com\/de\/wp-content\/uploads\/2025\/10\/das-logo-der-prosiebensat-1-media-se-symbolbild-die-mediengruppe-des-verstorbenen-italienischen-mini.jpeg\" alt=\"Das Logo der ProSiebenSat.1 Media SE (Symbolbild): Die Mediengruppe des verstorbenen italienischen Ministerpr\u00e4sidenten Silvio Berlusconi h\u00e4lt 75 Prozent an der Sendergruppe.\" title=\"Das Logo der ProSiebenSat.1 Media SE (Symbolbild): Die Mediengruppe des verstorbenen italienischen Ministerpr\u00e4sidenten Silvio Berlusconi h\u00e4lt 75 Prozent an der Sendergruppe.\" width=\"800\" height=\"450\" class=\"bg-[url:var(--lqipURL)] bg-cover bg-center flex h-full w-full max-w-full\" decoding=\"async\"\/><img style=\"--width:32;--height:32\" loading=\"lazy\" src=\"https:\/\/muenchen.t-online.de\/s\/paper\/_next\/static\/media\/zoom-in.f7dae02f.svg\" alt=\"Vergr\u00f6\u00dfern des Bildes\" title=\"Vergr\u00f6\u00dfern des Bildes\" class=\"block h-[calc(var(--height)_\/_16_*_1rem)] w-[calc(var(--width)_\/_16_*_1rem)] max-w-none absolute bottom-8 right-8 rounded-4 bg-snow p-8\" decoding=\"async\"\/><\/a><\/p>\n<p>Das Logo der ProSiebenSat.1 Media SE (Symbolbild): Das Unternehmen in Unterf\u00f6hrung ist neben der RTL-Familie der zweite gro\u00dfe private Fernsehkonzern in Deutschland. (Quelle: Lennart Preiss\/dpa)<\/p>\n<p class=\"font-bold text-18 leading-17\">Der Berlusconi-Konzern kontrolliert ProSiebenSat.1 nun vollst\u00e4ndig. Bei einem Treffen in M\u00fcnchen gibt es jetzt eine wichtige Zusage f\u00fcr den Standort.<\/p>\n<p class=\"text-18 leading-17\">Der italienische Medienkonzern Media for Europe (MFE) hat sein Bekenntnis zum bayerischen Standort von ProSiebenSat.1 offiziell besiegelt. Bayerns Ministerpr\u00e4sident Markus S\u00f6der (CSU) und MFE-Vorstandschef Pier Silvio Berlusconi unterzeichneten bei einem Treffen in M\u00fcnchen eine gemeinsame Absichtserkl\u00e4rung.<\/p>\n<p class=\"text-18 leading-17\">MFE will den ProSiebenSat.1-Sitz in Unterf\u00f6hring bei M\u00fcnchen demnach langfristig als zentralen Standort f\u00fcr seine Aktivit\u00e4ten im deutschsprachigen Raum etablieren. &#8222;F\u00fcr MFE ist dies ein wichtiger und konkreter Schritt, der unser Bekenntnis bekr\u00e4ftigt, in Bayern zu arbeiten und in die Zukunft von ProSiebenSat.1 zu investieren&#8220;, sagte Berlusconi einer gemeinsamen Mitteilung zufolge. Er ist der Sohn des 2023 gestorbenen fr\u00fcheren italienischen Regierungschefs Silvio Berlusconi.<\/p>\n<p class=\"text-18 leading-17\">S\u00f6der sagte der Mitteilung zufolge: &#8222;Jetzt ist klar: ProSiebenSat.1 bleibt auch mit den neuen Eigent\u00fcmern MFE langfristig in M\u00fcnchen.&#8220; Der Erhalt des Standorts sei von gro\u00dfer Bedeutung und sichere wichtige Arbeitspl\u00e4tze.<\/p>\n<p class=\"text-18 leading-17\">MFE hatte nach einem Bieterkampf k\u00fcrzlich mit einem Anteil von mehr als 75 Prozent die volle Kontrolle an der ProSiebenSat.1 Media SE \u00fcbernommen. Die internationale Gruppe besitzt bereits Fernsehketten in Italien und in Spanien. Geplant ist der weitere Ausbau zu einem europ\u00e4ischen Senderverbund. Neben Wachstum erwartet sich MFE von der Zusammenarbeit auch hohe Einsparungen.<\/p>\n<p class=\"text-18 leading-17\">&#8222;M\u00fcnchen und Unterf\u00f6hring sind und bleiben das Herzst\u00fcck unserer Arbeit im deutschsprachigen Raum&#8220;, sagte Berlusconi. Der Standort solle auch als &#8222;Center of Excellence&#8220; ausgebaut werden, der die Aktivit\u00e4ten der MFE-Gruppe rund um K\u00fcnstliche Intelligenz, Streaming und Werbetechnologie b\u00fcndelt.<\/p>\n<p class=\"text-18 leading-17\">Der Mitteilung zufolge unterstrich MFE, einen relevanten Anteil an lokalen Nachrichten- und Informationsinhalten aufrechtzuerhalten. MFE wolle dazu die regionale Nachrichtenproduktion von ProSiebenSat.1 f\u00f6rdern und die Regionalfenster weiterf\u00fchren. Dem Sender Sat.1 Bayern sagte Berlusconi, wenn m\u00f6glich, solle es mehr regionale Nachrichten geben. Sie seien &#8222;eine Art Diamantspitze&#8220;, mit der man sich von globalen Anbietern unterscheide.<\/p>\n<p class=\"text-18 leading-17\">S\u00f6der sagte: &#8222;In Zeiten von Fake News sind lokal produzierte Inhalte und Nachrichten besonders wichtig.&#8220; Dieser Bereich solle in Unterf\u00f6hring noch st\u00e4rker ausgebaut werden. Der Freistaat sei ein &#8222;Top-Medienstandort&#8220; mit insgesamt rund 100 privaten H\u00f6rfunkprogrammen und Lokalsendern, Tausenden Besch\u00e4ftigten und rund sechs Milliarden Euro Umsatz.<\/p>\n<p class=\"text-18 leading-17\">Der fr\u00fchere Patriarch Silvio Berlusconi hatte \u00fcber Jahrzehnte seinen Medienkonzern genutzt, um seine politische Karriere und die von ihm gegr\u00fcndete Partei Forza Italia zu f\u00f6rdern. Die Berlusconi-Kinder sind bislang nicht in die Politik eingestiegen, stehen der Partei aber nach wie vor nahe.<\/p>\n<p class=\"text-18 leading-17\">ProSiebenSat.1 ist neben der RTL-Familie der zweite gro\u00dfe private Fernsehkonzern in Deutschland. Neben klassischen Sendern wie ProSieben, Sat.1 und Kabel Eins geh\u00f6rt unter anderem auch der Streaminganbieter Joyn dazu. Bekannte Formate der Sendergruppe sind zum Beispiel die Shows &#8222;Germany&#8217;s Next Topmodel&#8220;, &#8222;Joko &amp; Klaas gegen ProSieben&#8220;, &#8222;The Voice of Germany&#8220; und &#8222;Rosins Restaurants&#8220; sowie die Comedyserie &#8222;jerks.&#8220;.<\/p>\n","protected":false},"excerpt":{"rendered":"Medien Berlusconi-Deal perfekt: ProSiebenSat.1 bleibt in Bayern 17.10.2025 &#8211; 03:24 UhrLesedauer: 2 Min. Das Logo der ProSiebenSat.1 Media&hellip;\n","protected":false},"author":2,"featured_media":504594,"comment_status":"","ping_status":"","sticky":false,"template":"","format":"standard","meta":{"footnotes":""},"categories":[1827],"tags":[722,3176,772,774,365,29,30,355,771,71090,1268,97912,37553,1307,97911,640,13002,88402,4026,11383,126044],"class_list":{"0":"post-504593","1":"post","2":"type-post","3":"status-publish","4":"format-standard","5":"has-post-thumbnail","7":"category-muenchen","8":"tag-722","9":"tag-3176","10":"tag-bayern","11":"tag-csu","12":"tag-deal","13":"tag-deutschland","14":"tag-germany","15":"tag-italien","16":"tag-markus-soeder","17":"tag-medienkonzern","18":"tag-muenchen","19":"tag-pier-silvio-berlusconi","20":"tag-pro7","21":"tag-prosieben","22":"tag-prosiebensat-1-media","23":"tag-rtl","24":"tag-sat-1","25":"tag-silvio-berlusconi","26":"tag-spanien","27":"tag-unterfoehring","28":"tag-unterfoehrung"},"share_on_mastodon":{"url":"https:\/\/pubeurope.com\/@de\/115386920112974028","error":""},"_links":{"self":[{"href":"https:\/\/www.europesays.com\/de\/wp-json\/wp\/v2\/posts\/504593","targetHints":{"allow":["GET"]}}],"collection":[{"href":"https:\/\/www.europesays.com\/de\/wp-json\/wp\/v2\/posts"}],"about":[{"href":"https:\/\/www.europesays.com\/de\/wp-json\/wp\/v2\/types\/post"}],"author":[{"embeddable":true,"href":"https:\/\/www.europesays.com\/de\/wp-json\/wp\/v2\/users\/2"}],"replies":[{"embeddable":true,"href":"https:\/\/www.europesays.com\/de\/wp-json\/wp\/v2\/comments?post=504593"}],"version-history":[{"count":0,"href":"https:\/\/www.europesays.com\/de\/wp-json\/wp\/v2\/posts\/504593\/revisions"}],"wp:featuredmedia":[{"embeddable":true,"href":"https:\/\/www.europesays.com\/de\/wp-json\/wp\/v2\/media\/504594"}],"wp:attachment":[{"href":"https:\/\/www.europesays.com\/de\/wp-json\/wp\/v2\/media?parent=504593"}],"wp:term":[{"taxonomy":"category","embeddable":true,"href":"https:\/\/www.europesays.com\/de\/wp-json\/wp\/v2\/categories?post=504593"},{"taxonomy":"post_tag","embeddable":true,"href":"https:\/\/www.europesays.com\/de\/wp-json\/wp\/v2\/tags?post=504593"}],"curies":[{"name":"wp","href":"https:\/\/api.w.org\/{rel}","templated":true}]}}