{"id":504610,"date":"2025-10-17T01:38:11","date_gmt":"2025-10-17T01:38:11","guid":{"rendered":"https:\/\/www.europesays.com\/de\/504610\/"},"modified":"2025-10-17T01:38:11","modified_gmt":"2025-10-17T01:38:11","slug":"lisa-mueller-lernt-politik-und-weicht-privater-frage-nach-ehemann-thomas-mueller-gekonnt-aus","status":"publish","type":"post","link":"https:\/\/www.europesays.com\/de\/504610\/","title":{"rendered":"Lisa M\u00fcller lernt Politik und weicht privater Frage nach Ehemann Thomas M\u00fcller gekonnt aus"},"content":{"rendered":"<p>          16.10.2025 11:49 Uhr \u2013  02:25 min<\/p>\n<p>              Antwort l\u00e4sst vieles offen<br \/>\n              Lisa M\u00fcller lernt Politik &#8211; und weicht Ehefrage aus<\/p>\n<p>\n              Von der Reithalle in den Plenarsaal: Dressur-Star Lisa M\u00fcller probiert sich in M\u00fcnchen als Politik-Praktikantin. An der Seite von Ilse Aigner will sie mehr \u00fcber den Alltag im Landtag erfahren. Und als die Sprache auf ihren Mann Thomas M\u00fcller kommt, reagiert sie schon ganz wie eine erfahrene Politikerin.<\/p>\n","protected":false},"excerpt":{"rendered":"16.10.2025 11:49 Uhr \u2013 02:25 min Antwort l\u00e4sst vieles offen Lisa M\u00fcller lernt Politik &#8211; und weicht Ehefrage&hellip;\n","protected":false},"author":2,"featured_media":504611,"comment_status":"","ping_status":"","sticky":false,"template":"","format":"standard","meta":{"footnotes":""},"categories":[1776],"tags":[772,1801,774,29,214,30,125957,16,1802,3197,215],"class_list":{"0":"post-504610","1":"post","2":"type-post","3":"status-publish","4":"format-standard","5":"has-post-thumbnail","7":"category-prominente","8":"tag-bayern","9":"tag-celebrities","10":"tag-csu","11":"tag-deutschland","12":"tag-entertainment","13":"tag-germany","14":"tag-ilse-aigner","15":"tag-politik","16":"tag-prominente","17":"tag-thomas-mueller","18":"tag-unterhaltung"},"share_on_mastodon":{"url":"https:\/\/pubeurope.com\/@de\/115386954873318875","error":""},"_links":{"self":[{"href":"https:\/\/www.europesays.com\/de\/wp-json\/wp\/v2\/posts\/504610","targetHints":{"allow":["GET"]}}],"collection":[{"href":"https:\/\/www.europesays.com\/de\/wp-json\/wp\/v2\/posts"}],"about":[{"href":"https:\/\/www.europesays.com\/de\/wp-json\/wp\/v2\/types\/post"}],"author":[{"embeddable":true,"href":"https:\/\/www.europesays.com\/de\/wp-json\/wp\/v2\/users\/2"}],"replies":[{"embeddable":true,"href":"https:\/\/www.europesays.com\/de\/wp-json\/wp\/v2\/comments?post=504610"}],"version-history":[{"count":0,"href":"https:\/\/www.europesays.com\/de\/wp-json\/wp\/v2\/posts\/504610\/revisions"}],"wp:featuredmedia":[{"embeddable":true,"href":"https:\/\/www.europesays.com\/de\/wp-json\/wp\/v2\/media\/504611"}],"wp:attachment":[{"href":"https:\/\/www.europesays.com\/de\/wp-json\/wp\/v2\/media?parent=504610"}],"wp:term":[{"taxonomy":"category","embeddable":true,"href":"https:\/\/www.europesays.com\/de\/wp-json\/wp\/v2\/categories?post=504610"},{"taxonomy":"post_tag","embeddable":true,"href":"https:\/\/www.europesays.com\/de\/wp-json\/wp\/v2\/tags?post=504610"}],"curies":[{"name":"wp","href":"https:\/\/api.w.org\/{rel}","templated":true}]}}