{"id":504633,"date":"2025-10-17T01:50:11","date_gmt":"2025-10-17T01:50:11","guid":{"rendered":"https:\/\/www.europesays.com\/de\/504633\/"},"modified":"2025-10-17T01:50:11","modified_gmt":"2025-10-17T01:50:11","slug":"neue-rki-zahlen-corona-virus-namens-frankenstein-breitet-sich-aus-news","status":"publish","type":"post","link":"https:\/\/www.europesays.com\/de\/504633\/","title":{"rendered":"Neue RKI-Zahlen: Corona-Virus namens \u201eFrankenstein\u201c breitet sich aus | News"},"content":{"rendered":"<p><b>Die Zahl der Corona-Infektionen ist deutlich gestiegen. In der Woche vom 6. bis zum 12. Oktober wurden bislang rund 6440 labordiagnostisch best\u00e4tigte Covid-19-F\u00e4lle an das Robert Koch-Institut (RKI) \u00fcbermittelt, wie es in einem aktuellen RKI-Bericht zu akuten Atemwegsinfektionen hei\u00dft. In der Woche zuvor waren es rund 3850 gemeldete F\u00e4lle gewesen.<\/b><\/p>\n<p>Auch interessant<\/p>\n<p>Anzeige<\/p>\n<p>Auch interessant<\/p>\n<p>Anzeige<\/p>\n<p>Die gesch\u00e4tzte Covid-19-Inzidenz liegt laut Bericht bei rund 600 <a href=\"https:\/\/www.bild.de\/news\/corona\/coronavirus\/corona-69368756.bild.html\" class=\"text-link\" rel=\"nofollow noopener\" target=\"_blank\">Corona<\/a>-Erkrankungen pro 100.000 Einwohnern &#8211; in der Vorwoche waren es etwa 400. Durch die Herbstferien k\u00f6nnen die Zahlen aus dem aktuellen Bericht st\u00e4rker schwanken und sich nachtr\u00e4glich noch ver\u00e4ndern.<\/p>\n<p>Mit einem Anteil von 71 Prozent ist die Linie XFG, auch \u201eStratus\u201c oder \u201eFrankenstein\u201c genannt, in Deutschland momentan am weitesten verbreitet. <\/p>\n<p>Die \u201eStratus\u201c-Variante ist das Ergebnis einer Rekombination, also einer Mischung genetischer Teile verschiedener Corona-Subvarianten. Diese Mischung wird mit der Vorstellung von \u201eFrankenstein\u201c assoziiert. Gemeint ist das zusammengesetzte Monster aus Mary Shelleys gleichnamigem Roman. <\/p>\n<p>Die sogenannte \u201eFrankenstein\u201c-Variante gilt als ansteckender, aber nicht gef\u00e4hrlicher als bekannte Covid-Typen.<\/p>\n<p>Mehr zum Thema<\/p>\n<p>Trotz des Anstieges ist die Corona-Aktivit\u00e4t immer noch niedriger als im Vorjahr um diese Zeit. Mitte Oktober 2024 waren es rund 11.570 F\u00e4lle, fast doppelt so viele wie jetzt. Auch das ist noch kein Vergleich zur Lage w\u00e4hrend der Pandemie. Mitte Oktober 2020 zum Beispiel wurden allein innerhalb eines Tages mehr als 7000 Neuinfektionen gemeldet. Ende Oktober desselben Jahres waren es an einem Tag sogar \u00fcber 19.000.<\/p>\n<p><b>Mit Blick auf alle akuten Atemwegserkrankungen spricht das RKI im aktuellen Bericht von einer Aktivit\u00e4t auf moderatem Niveau. <\/b><\/p>\n<p>Im Vergleich zur Vorwoche sei sie insgesamt gesunken. Gemessen an freiwilligen Meldungen aus der Bev\u00f6lkerung geht das RKI von rund 7.800 Erkrankungen pro 100.000 Einwohner aus (Vorwoche: 9.000 pro 100.000). Das entspricht einer Gesamtzahl von rund 6,5 Millionen akuten Atemwegserkrankungen, unabh\u00e4ngig von einem Arztbesuch. Zum Vergleich: Mitte Oktober 2024 waren es rund 7,4 Millionen.<\/p>\n<p>Mehr zum Thema<\/p>\n<p><b>Unterwegs sind zurzeit vor allem Rhinoviren, die eine Erk\u00e4ltung ausl\u00f6sen k\u00f6nnen, sowie Corona- und Parainfluenza-Viren, die insbesondere Kleinkinder infizieren. Die Zahl der schweren F\u00e4lle befindet sich auf einem vergleichsweise niedrigen Niveau.<\/b><\/p>\n<p>Grippe spielt momentan noch keine gr\u00f6\u00dfere Rolle: F\u00fcr die Woche vom 6. Oktober wurden rund 400 labordiagnostisch best\u00e4tigte F\u00e4lle an das RKI \u00fcbermittelt. <\/p>\n<p>Die j\u00e4hrliche Grippewelle hat in den vergangenen Jahren meist im Januar begonnen und drei bis vier Monate gedauert. Als Grippewelle wird der Zeitraum erh\u00f6hter Aktivit\u00e4t von Influenza A- und B-Viren bezeichnet.<\/p>\n","protected":false},"excerpt":{"rendered":"Die Zahl der Corona-Infektionen ist deutlich gestiegen. In der Woche vom 6. bis zum 12. Oktober wurden bislang&hellip;\n","protected":false},"author":2,"featured_media":504634,"comment_status":"","ping_status":"","sticky":false,"template":"","format":"standard","meta":{"footnotes":""},"categories":[2],"tags":[162,29,30,13411,13,14,15,754,12,45,10,8,9,11],"class_list":{"0":"post-504633","1":"post","2":"type-post","3":"status-publish","4":"format-standard","5":"has-post-thumbnail","7":"category-deutschland","8":"tag-coronavirus","9":"tag-deutschland","10":"tag-germany","11":"tag-grippe","12":"tag-headlines","13":"tag-nachrichten","14":"tag-news","15":"tag-robert-koch-institut","16":"tag-schlagzeilen","17":"tag-texttospeech","18":"tag-top-news","19":"tag-top-meldungen","20":"tag-topmeldungen","21":"tag-topnews"},"share_on_mastodon":{"url":"https:\/\/pubeurope.com\/@de\/115387002089049958","error":""},"_links":{"self":[{"href":"https:\/\/www.europesays.com\/de\/wp-json\/wp\/v2\/posts\/504633","targetHints":{"allow":["GET"]}}],"collection":[{"href":"https:\/\/www.europesays.com\/de\/wp-json\/wp\/v2\/posts"}],"about":[{"href":"https:\/\/www.europesays.com\/de\/wp-json\/wp\/v2\/types\/post"}],"author":[{"embeddable":true,"href":"https:\/\/www.europesays.com\/de\/wp-json\/wp\/v2\/users\/2"}],"replies":[{"embeddable":true,"href":"https:\/\/www.europesays.com\/de\/wp-json\/wp\/v2\/comments?post=504633"}],"version-history":[{"count":0,"href":"https:\/\/www.europesays.com\/de\/wp-json\/wp\/v2\/posts\/504633\/revisions"}],"wp:featuredmedia":[{"embeddable":true,"href":"https:\/\/www.europesays.com\/de\/wp-json\/wp\/v2\/media\/504634"}],"wp:attachment":[{"href":"https:\/\/www.europesays.com\/de\/wp-json\/wp\/v2\/media?parent=504633"}],"wp:term":[{"taxonomy":"category","embeddable":true,"href":"https:\/\/www.europesays.com\/de\/wp-json\/wp\/v2\/categories?post=504633"},{"taxonomy":"post_tag","embeddable":true,"href":"https:\/\/www.europesays.com\/de\/wp-json\/wp\/v2\/tags?post=504633"}],"curies":[{"name":"wp","href":"https:\/\/api.w.org\/{rel}","templated":true}]}}