{"id":504660,"date":"2025-10-17T02:05:11","date_gmt":"2025-10-17T02:05:11","guid":{"rendered":"https:\/\/www.europesays.com\/de\/504660\/"},"modified":"2025-10-17T02:05:11","modified_gmt":"2025-10-17T02:05:11","slug":"george-clooney-und-annette-bening-in-sterbehilfe-drama","status":"publish","type":"post","link":"https:\/\/www.europesays.com\/de\/504660\/","title":{"rendered":"George Clooney und Annette Bening in Sterbehilfe-Drama"},"content":{"rendered":"<p>Los Angeles (dpa) &#8211; Die Hollywood-Stars George Clooney (64, \u00abOcean\u2019s 13\u00bb) und Annette Bening (67, \u00abNyad\u00bb) werden in einem Sterbehilfe-Drama erstmals gemeinsam vor der Kamera stehen. Sie \u00fcbernehmen die Hauptrollen in der Verfilmung der Bestseller-Memoiren \u00abIn Love: A Memoir of Love and Loss\u00bb, wie die Produktionsfirma Anton Studios mitteilte.\u00a0<\/p>\n<p>Die preisgekr\u00f6nte US-Schriftstellerin und Psychotherapeutin Amy Bloom (72) beschreibt darin die fr\u00fche Alzheimererkrankung ihres Ehemannes Brian Ameche, der sich mit 66 Jahren f\u00fcr assistierte Sterbehilfe entschied. Gemeinsam reiste das Paar im Jahr 2020 daf\u00fcr in die Schweiz. Bloom brachte zwei Jahre sp\u00e4ter ihre Memoiren heraus. Die Produzenten beschreiben das Projekt als eine \u00abmoderne Liebesgeschichte\u00bb, die \u00abtiefsinnig, emotional ehrlich und erbaulich\u00bb das Leben und die Liebe feiert. Die Regie \u00fcbernimmt der US-Amerikaner Paul Weitz (59, \u00abAmerican Pie\u00bb, \u00abAbout a Boy\u00bb).\u00a0<\/p>\n<p>Clooney und Bening vor der Kamera<\/p>\n<p>Oscar-Preistr\u00e4ger Clooney (\u00abSyriana\u00bb) stellte im August bei den Filmfestspielen in Venedig seinen neuen Film \u00abJay Kelly\u00bb vor. Regisseur Noah Baumbach erz\u00e4hlt darin von einem \u00e4lteren Schauspieler (Clooney), der in eine Sinnkrise ger\u00e4t und sich mit seinem Manager (Adam Sandler) auf eine Reise nach Europa begibt. Bening (\u00abAmerican Beauty\u00bb, \u00abThe Kids Are All Right\u00bb) bekam mit ihrer Rolle als Langstreckenschwimmerin Diana Nyad in der Filmbiografie \u00abNyad\u00bb 2024 ihre f\u00fcnfte Oscar-Nominierung.<\/p>\n","protected":false},"excerpt":{"rendered":"Los Angeles (dpa) &#8211; Die Hollywood-Stars George Clooney (64, \u00abOcean\u2019s 13\u00bb) und Annette Bening (67, \u00abNyad\u00bb) werden in&hellip;\n","protected":false},"author":2,"featured_media":504661,"comment_status":"","ping_status":"","sticky":false,"template":"","format":"standard","meta":{"footnotes":""},"categories":[1843],"tags":[3364,29,92,30,93,8970,1209,64],"class_list":{"0":"post-504660","1":"post","2":"type-post","3":"status-publish","4":"format-standard","5":"has-post-thumbnail","7":"category-muenster","8":"tag-de","9":"tag-deutschland","10":"tag-film","11":"tag-germany","12":"tag-literatur","13":"tag-muenster","14":"tag-nordrhein-westfalen","15":"tag-usa"},"share_on_mastodon":{"url":"https:\/\/pubeurope.com\/@de\/115387060958873045","error":""},"_links":{"self":[{"href":"https:\/\/www.europesays.com\/de\/wp-json\/wp\/v2\/posts\/504660","targetHints":{"allow":["GET"]}}],"collection":[{"href":"https:\/\/www.europesays.com\/de\/wp-json\/wp\/v2\/posts"}],"about":[{"href":"https:\/\/www.europesays.com\/de\/wp-json\/wp\/v2\/types\/post"}],"author":[{"embeddable":true,"href":"https:\/\/www.europesays.com\/de\/wp-json\/wp\/v2\/users\/2"}],"replies":[{"embeddable":true,"href":"https:\/\/www.europesays.com\/de\/wp-json\/wp\/v2\/comments?post=504660"}],"version-history":[{"count":0,"href":"https:\/\/www.europesays.com\/de\/wp-json\/wp\/v2\/posts\/504660\/revisions"}],"wp:featuredmedia":[{"embeddable":true,"href":"https:\/\/www.europesays.com\/de\/wp-json\/wp\/v2\/media\/504661"}],"wp:attachment":[{"href":"https:\/\/www.europesays.com\/de\/wp-json\/wp\/v2\/media?parent=504660"}],"wp:term":[{"taxonomy":"category","embeddable":true,"href":"https:\/\/www.europesays.com\/de\/wp-json\/wp\/v2\/categories?post=504660"},{"taxonomy":"post_tag","embeddable":true,"href":"https:\/\/www.europesays.com\/de\/wp-json\/wp\/v2\/tags?post=504660"}],"curies":[{"name":"wp","href":"https:\/\/api.w.org\/{rel}","templated":true}]}}