{"id":504664,"date":"2025-10-17T02:08:18","date_gmt":"2025-10-17T02:08:18","guid":{"rendered":"https:\/\/www.europesays.com\/de\/504664\/"},"modified":"2025-10-17T02:08:18","modified_gmt":"2025-10-17T02:08:18","slug":"bielefeld-anklage-gegen-schaedlingsbekaempfer-bande-radio-guetersloh","status":"publish","type":"post","link":"https:\/\/www.europesays.com\/de\/504664\/","title":{"rendered":"Bielefeld: Anklage gegen Sch\u00e4dlingsbek\u00e4mpfer-Bande &#8211; Radio G\u00fctersloh"},"content":{"rendered":"<p>In Bielefeld hat die Staatsanwaltschaft f\u00fcnf angebliche Sch\u00e4dlingsbek\u00e4mpfer angeklagt. Den f\u00fcnf M\u00e4nnern wird vorgeworfen, zusammen mit weiteren Komplizen die Notlage ihrer Kunden ausgenutzt zu haben.<\/p>\n<p>Vorw\u00fcrfe der betr\u00fcgerischen Machenschaften<\/p>\n<p>Die Angeklagten sollen sich als Sch\u00e4dlingsbek\u00e4mpfer und als Schl\u00fcsseldienst ausgegeben haben und einen Schaden von mehr als 110.000 Euro angerichtet haben.<\/p>\n<p>Umfangreiche Ermittlungen gegen die Bielefelder Bande<\/p>\n<p>300 Strafanzeigen aus ganz Deutschland liegen gegen die Bielefelder Bande vor.<\/p>\n","protected":false},"excerpt":{"rendered":"In Bielefeld hat die Staatsanwaltschaft f\u00fcnf angebliche Sch\u00e4dlingsbek\u00e4mpfer angeklagt. Den f\u00fcnf M\u00e4nnern wird vorgeworfen, zusammen mit weiteren Komplizen&hellip;\n","protected":false},"author":2,"featured_media":504665,"comment_status":"","ping_status":"","sticky":false,"template":"","format":"standard","meta":{"footnotes":""},"categories":[1841],"tags":[1483,1605,3364,29,30,1584,1209,1997],"class_list":{"0":"post-504664","1":"post","2":"type-post","3":"status-publish","4":"format-standard","5":"has-post-thumbnail","7":"category-bielefeld","8":"tag-betrug","9":"tag-bielefeld","10":"tag-de","11":"tag-deutschland","12":"tag-germany","13":"tag-kriminalitaet","14":"tag-nordrhein-westfalen","15":"tag-staatsanwaltschaft"},"share_on_mastodon":{"url":"https:\/\/pubeurope.com\/@de\/115387072936487967","error":""},"_links":{"self":[{"href":"https:\/\/www.europesays.com\/de\/wp-json\/wp\/v2\/posts\/504664","targetHints":{"allow":["GET"]}}],"collection":[{"href":"https:\/\/www.europesays.com\/de\/wp-json\/wp\/v2\/posts"}],"about":[{"href":"https:\/\/www.europesays.com\/de\/wp-json\/wp\/v2\/types\/post"}],"author":[{"embeddable":true,"href":"https:\/\/www.europesays.com\/de\/wp-json\/wp\/v2\/users\/2"}],"replies":[{"embeddable":true,"href":"https:\/\/www.europesays.com\/de\/wp-json\/wp\/v2\/comments?post=504664"}],"version-history":[{"count":0,"href":"https:\/\/www.europesays.com\/de\/wp-json\/wp\/v2\/posts\/504664\/revisions"}],"wp:featuredmedia":[{"embeddable":true,"href":"https:\/\/www.europesays.com\/de\/wp-json\/wp\/v2\/media\/504665"}],"wp:attachment":[{"href":"https:\/\/www.europesays.com\/de\/wp-json\/wp\/v2\/media?parent=504664"}],"wp:term":[{"taxonomy":"category","embeddable":true,"href":"https:\/\/www.europesays.com\/de\/wp-json\/wp\/v2\/categories?post=504664"},{"taxonomy":"post_tag","embeddable":true,"href":"https:\/\/www.europesays.com\/de\/wp-json\/wp\/v2\/tags?post=504664"}],"curies":[{"name":"wp","href":"https:\/\/api.w.org\/{rel}","templated":true}]}}