{"id":504673,"date":"2025-10-17T02:13:10","date_gmt":"2025-10-17T02:13:10","guid":{"rendered":"https:\/\/www.europesays.com\/de\/504673\/"},"modified":"2025-10-17T02:13:10","modified_gmt":"2025-10-17T02:13:10","slug":"prozess-spionage-fuer-russland-bundesanwaltschaft-haelt-plaedoyer-bayern","status":"publish","type":"post","link":"https:\/\/www.europesays.com\/de\/504673\/","title":{"rendered":"Prozess &#8211; Spionage f\u00fcr Russland? Bundesanwaltschaft h\u00e4lt Pl\u00e4doyer &#8211; Bayern"},"content":{"rendered":"<p class=\"css-c9fym5\" data-manual=\"teaserText\" data-schema-org-speakable=\"true\">Drei M\u00e4nner werden verd\u00e4chtigt, f\u00fcr den russischen Geheimdienst in Deutschland spioniert zu haben. Das Trio streitet alles ab. Nun steht in M\u00fcnchen das Pl\u00e4doyer der Bundesanwaltschaft bevor.<\/p>\n<p>Direkt aus dem dpa-Newskanal: Dieser Text wurde automatisch von der Deutschen Presse-Agentur (dpa) \u00fcbernommen und von der SZ-Redaktion nicht bearbeitet.<\/p>\n<p data-manual=\"paragraph\" data-schema-org-speakable=\"true\" class=\"css-1eosz7k\">M\u00fcnchen (dpa) &#8211; Im Prozess gegen ein deutsch-russisches Trio wegen Geheimdienstt\u00e4tigkeit f\u00fcr <a href=\"https:\/\/www.sueddeutsche.de\/thema\/Russland\" target=\"_blank\" rel=\"noopener\">Russland<\/a> wird die Bundesanwaltschaft voraussichtlich am Freitag (9.15 Uhr) ihr Pl\u00e4doyer vor dem <a href=\"https:\/\/www.sueddeutsche.de\/thema\/Oberlandesgericht_M%C3%BCnchen\" target=\"_blank\" rel=\"noopener\">Oberlandesgericht M\u00fcnchen<\/a> halten. Die drei M\u00e4nner sollen bis in den April 2024 hinein in <a href=\"https:\/\/www.sueddeutsche.de\/thema\/Deutschland\" target=\"_blank\" rel=\"noopener\">Deutschland<\/a> unter anderem Brandanschl\u00e4ge und Sabotageaktionen gegen milit\u00e4rische Infrastruktur und Bahnstrecken geplant haben. Der Fall hatte vergangenes Jahr hohe Wellen geschlagen, als die bayerische Polizei zwei der M\u00e4nner im Raum Bayreuth festnahm.\u00a0<\/p>\n<p data-manual=\"paragraph\" data-schema-org-speakable=\"true\" class=\"css-1eosz7k\">Unter anderem sollen die mutma\u00dflichen Spione Codew\u00f6rter f\u00fcr milit\u00e4rische G\u00fcter ausgekundschaftet haben. Die Angeklagten sollen au\u00dferdem Informationen \u00fcber eine \u00d6lraffinerie in <a href=\"https:\/\/www.sueddeutsche.de\/thema\/Bayern\" target=\"_blank\" rel=\"noopener\">Bayern<\/a> und \u00fcber den Truppen\u00fcbungsplatz der US-Streitkr\u00e4fte in Grafenw\u00f6hr in der Oberpfalz gesammelt und Pl\u00e4ne f\u00fcr Sprengstoffanschl\u00e4ge auf Geb\u00e4ude und Infrastruktur geschmiedet haben, die f\u00fcr die Unterst\u00fctzung der <a href=\"https:\/\/www.sueddeutsche.de\/thema\/Ukraine\" target=\"_blank\" rel=\"noopener\">Ukraine<\/a> im Krieg gegen den Angreifer Russland genutzt werden. Der Kopf der Gruppe soll dar\u00fcber hinaus als Teil einer bewaffneten terroristischen Vereinigung in der Ukraine gek\u00e4mpft haben.<\/p>\n<p data-manual=\"paragraph\" data-schema-org-speakable=\"true\" class=\"css-1eosz7k\">\u00a9 dpa-infocom, dpa:251017-930-172258\/1<\/p>\n","protected":false},"excerpt":{"rendered":"Drei M\u00e4nner werden verd\u00e4chtigt, f\u00fcr den russischen Geheimdienst in Deutschland spioniert zu haben. Das Trio streitet alles ab.&hellip;\n","protected":false},"author":2,"featured_media":504674,"comment_status":"","ping_status":"","sticky":false,"template":"","format":"standard","meta":{"footnotes":""},"categories":[4013],"tags":[331,332,147,772,29,3557,13690,2634,13,1584,14,15,18329,2283,4043,4044,850,307,12,3555,149,317,9326],"class_list":{"0":"post-504673","1":"post","2":"type-post","3":"status-publish","4":"format-standard","5":"has-post-thumbnail","7":"category-russland","8":"tag-aktuelle-nachrichten","9":"tag-aktuelle-news","10":"tag-ausland","11":"tag-bayern","12":"tag-deutschland","13":"tag-geheimdienste","14":"tag-gerichtsprozesse","15":"tag-gerichtsprozesse-in-muenchen","16":"tag-headlines","17":"tag-kriminalitaet","18":"tag-nachrichten","19":"tag-news","20":"tag-oberlandesgericht-muenchen","21":"tag-prozess-gericht","22":"tag-russia","23":"tag-russian-federation","24":"tag-russische-foederation","25":"tag-russland","26":"tag-schlagzeilen","27":"tag-spionage","28":"tag-sueddeutsche-zeitung","29":"tag-ukraine","30":"tag-updateme"},"share_on_mastodon":{"url":"https:\/\/pubeurope.com\/@de\/115387093294753684","error":""},"_links":{"self":[{"href":"https:\/\/www.europesays.com\/de\/wp-json\/wp\/v2\/posts\/504673","targetHints":{"allow":["GET"]}}],"collection":[{"href":"https:\/\/www.europesays.com\/de\/wp-json\/wp\/v2\/posts"}],"about":[{"href":"https:\/\/www.europesays.com\/de\/wp-json\/wp\/v2\/types\/post"}],"author":[{"embeddable":true,"href":"https:\/\/www.europesays.com\/de\/wp-json\/wp\/v2\/users\/2"}],"replies":[{"embeddable":true,"href":"https:\/\/www.europesays.com\/de\/wp-json\/wp\/v2\/comments?post=504673"}],"version-history":[{"count":0,"href":"https:\/\/www.europesays.com\/de\/wp-json\/wp\/v2\/posts\/504673\/revisions"}],"wp:featuredmedia":[{"embeddable":true,"href":"https:\/\/www.europesays.com\/de\/wp-json\/wp\/v2\/media\/504674"}],"wp:attachment":[{"href":"https:\/\/www.europesays.com\/de\/wp-json\/wp\/v2\/media?parent=504673"}],"wp:term":[{"taxonomy":"category","embeddable":true,"href":"https:\/\/www.europesays.com\/de\/wp-json\/wp\/v2\/categories?post=504673"},{"taxonomy":"post_tag","embeddable":true,"href":"https:\/\/www.europesays.com\/de\/wp-json\/wp\/v2\/tags?post=504673"}],"curies":[{"name":"wp","href":"https:\/\/api.w.org\/{rel}","templated":true}]}}