{"id":504675,"date":"2025-10-17T02:14:12","date_gmt":"2025-10-17T02:14:12","guid":{"rendered":"https:\/\/www.europesays.com\/de\/504675\/"},"modified":"2025-10-17T02:14:12","modified_gmt":"2025-10-17T02:14:12","slug":"selenskyj-provoziert-orban-europaeer-behindern-trumps-friedensbemuehungen","status":"publish","type":"post","link":"https:\/\/www.europesays.com\/de\/504675\/","title":{"rendered":"&#8222;Selenskyj provoziert&#8220;: Orban: Europ\u00e4er behindern Trumps Friedensbem\u00fchungen"},"content":{"rendered":"<p>                    &#8222;Selenskyj provoziert&#8220;<br \/>\n                Orban: Europ\u00e4er behindern Trumps Friedensbem\u00fchungen<\/p>\n<p>\t\t\t\t              16.10.2025, 22:14 Uhr<\/p>\n<p>\t\t\t\t\t       Artikel anh\u00f6ren<\/p>\n<p>\t\t\t\t\t\t\tDiese Audioversion wurde k\u00fcnstlich generiert. <a href=\"https:\/\/www.n-tv.de\/23249898\" target=\"_blank\" rel=\"noopener\">Mehr Infos<\/a><\/p>\n<p><strong>Innerhalb der EU ist Viktor Orban mit seiner Russlandfreundlichkeit isoliert. Der ungarische Ministerpr\u00e4sident macht den Europ\u00e4ern wiederholt den Vorwurf, mit Putin nicht verhandeln zu wollen. Nun legt er nach und spitzt seine Anschuldigungen weiter zu. <\/strong><\/p>\n<p>Der ungarische Ministerpr\u00e4sident Viktor Orban hat die EU f\u00fcr das Scheitern der bisherigen Friedensbem\u00fchungen des US-Pr\u00e4sidenten Donald Trump verantwortlich gemacht. &#8222;Was den ukrainisch-russischen Krieg betrifft, h\u00e4tte Pr\u00e4sident Trump schon vor langer Zeit Frieden geschlossen, wenn die Europ\u00e4er Selenskyj nicht hinter den Kulissen provoziert h\u00e4tten&#8220;, sagte Orban in einem Interview mit dem <a href=\"https:\/\/mandiner.hu\/kulfold\/2025\/10\/most-erkezett-orban-telefonon-egyeztetett-trumppal\" rel=\"Follow noopener\" target=\"_blank\">ungarischen Magazin<\/a> Mandiner. <\/p>\n<p>Den Worten Orbans zufolge w\u00e4re der Konflikt in der Ukraine schon vor langer Zeit beigelegt worden, wenn die EU-Staats- und Regierungschefs den ukrainischen Pr\u00e4sidenten Wolodymyr Selenskyj nicht zu weiteren Feindseligkeiten dr\u00e4ngten und Trumps Vermittlungsbem\u00fchungen behindert h\u00e4tten. &#8222;Wenn die Europ\u00e4er sich nicht gegen Trumps Politik gestellt h\u00e4tten, wenn sie alle mit den Amerikanern im selben Boot s\u00e4\u00dfen, w\u00e4re Frieden erreicht worden&#8220;, sagte Orban. <\/p>\n<p>Seiner Meinung nach wollten die europ\u00e4ischen Staats- und Regierungschefs den Krieg fortsetzen. &#8222;Sie haben eine klare milit\u00e4rische Position, sie haben eine milit\u00e4rische Strategie, sie haben einen milit\u00e4rischen Plan, sie verk\u00fcnden dies offen und arbeiten daran, Pr\u00e4sident Trump vom Friedenslager auf die Seite der Kriegsfortf\u00fchrung zu ziehen. W\u00e4re der Westen vereint, g\u00e4be es Frieden an der ukrainisch-russischen Front&#8220;, sagte Organ und f\u00fcgte hinzu, er habe dies mit Trump besprochen.<\/p>\n<p>Auf die Frage, warum Trump die Lieferungen amerikanischer Waffen an die Ukraine nicht einstelle, sagte Orban: &#8222;Heute verkauft er Waffen an Europa, die sie dann nat\u00fcrlich f\u00fcr viel Geld an die Ukraine weiterverkaufen. Ich bin nicht befugt, im Namen des US-Pr\u00e4sidenten etwas zu sagen, aber ich kann mit absoluter Sicherheit sagen, dass die Amerikaner daraus Kapital schlagen.&#8220;<\/p>\n<p>Die USA h\u00e4tten sich aus dem Krieg zwischen der Ukraine und Russland zur\u00fcckgezogen und w\u00fcrden keinen Cent geben, f\u00fchrte Orban weiter aus. &#8222;Wir Europ\u00e4er haben so viel Gl\u00fcck, weil wir entweder unser Geld direkt in die Ukraine schicken oder amerikanische Waffen kaufen und sie dorthin schicken. W\u00e4hrend die Amerikaner Danke sagen und eine Tasse Kaffee trinken&#8220;, sagte er.<\/p>\n","protected":false},"excerpt":{"rendered":"&#8222;Selenskyj provoziert&#8220; Orban: Europ\u00e4er behindern Trumps Friedensbem\u00fchungen 16.10.2025, 22:14 Uhr Artikel anh\u00f6ren Diese Audioversion wurde k\u00fcnstlich generiert. Mehr&hellip;\n","protected":false},"author":2,"featured_media":504676,"comment_status":"","ping_status":"","sticky":false,"template":"","format":"standard","meta":{"footnotes":""},"categories":[4012],"tags":[331,332,661,508,106,548,663,18799,13,14,15,16,12,317,64,500],"class_list":{"0":"post-504675","1":"post","2":"type-post","3":"status-publish","4":"format-standard","5":"has-post-thumbnail","7":"category-ukraine","8":"tag-aktuelle-nachrichten","9":"tag-aktuelle-news","10":"tag-angriff-auf-die-ukraine","11":"tag-diplomatie","12":"tag-donald-trump","13":"tag-eu","14":"tag-europa","15":"tag-friedensgespraeche","16":"tag-headlines","17":"tag-nachrichten","18":"tag-news","19":"tag-politik","20":"tag-schlagzeilen","21":"tag-ukraine","22":"tag-usa","23":"tag-viktor-orban"},"share_on_mastodon":{"url":"https:\/\/pubeurope.com\/@de\/115387096349769129","error":""},"_links":{"self":[{"href":"https:\/\/www.europesays.com\/de\/wp-json\/wp\/v2\/posts\/504675","targetHints":{"allow":["GET"]}}],"collection":[{"href":"https:\/\/www.europesays.com\/de\/wp-json\/wp\/v2\/posts"}],"about":[{"href":"https:\/\/www.europesays.com\/de\/wp-json\/wp\/v2\/types\/post"}],"author":[{"embeddable":true,"href":"https:\/\/www.europesays.com\/de\/wp-json\/wp\/v2\/users\/2"}],"replies":[{"embeddable":true,"href":"https:\/\/www.europesays.com\/de\/wp-json\/wp\/v2\/comments?post=504675"}],"version-history":[{"count":0,"href":"https:\/\/www.europesays.com\/de\/wp-json\/wp\/v2\/posts\/504675\/revisions"}],"wp:featuredmedia":[{"embeddable":true,"href":"https:\/\/www.europesays.com\/de\/wp-json\/wp\/v2\/media\/504676"}],"wp:attachment":[{"href":"https:\/\/www.europesays.com\/de\/wp-json\/wp\/v2\/media?parent=504675"}],"wp:term":[{"taxonomy":"category","embeddable":true,"href":"https:\/\/www.europesays.com\/de\/wp-json\/wp\/v2\/categories?post=504675"},{"taxonomy":"post_tag","embeddable":true,"href":"https:\/\/www.europesays.com\/de\/wp-json\/wp\/v2\/tags?post=504675"}],"curies":[{"name":"wp","href":"https:\/\/api.w.org\/{rel}","templated":true}]}}