{"id":504710,"date":"2025-10-17T02:35:13","date_gmt":"2025-10-17T02:35:13","guid":{"rendered":"https:\/\/www.europesays.com\/de\/504710\/"},"modified":"2025-10-17T02:35:13","modified_gmt":"2025-10-17T02:35:13","slug":"niedersachsen-bremen-an-der-spitze-des-bundesrats-was-das-amt-fuer-bremen-heisst","status":"publish","type":"post","link":"https:\/\/www.europesays.com\/de\/504710\/","title":{"rendered":"Niedersachsen &#038; Bremen: An der Spitze des Bundesrats &#8211; Was das Amt f\u00fcr Bremen hei\u00dft"},"content":{"rendered":"<p>                    Niedersachsen &amp; Bremen<br \/>\n                An der Spitze des Bundesrats &#8211; Was das Amt f\u00fcr Bremen hei\u00dft<\/p>\n<p>\t\t\t\t              17.10.2025, 04:32 Uhr<\/p>\n<p><strong>Mit der Bundesratspr\u00e4sidentschaft r\u00fcckt Bremen ins Rampenlicht. Welche Chancen und Aufgaben damit f\u00fcr das kleinste Bundesland verbunden sind.<\/strong><\/p>\n<p>Bremen (dpa\/lni) &#8211; Der Staffelstab geht an das kleinste Bundesland: Bremen \u00fcbernimmt ab November den Vorsitz im Deutschen Bundesrat. An diesem Freitag soll Bremens Regierungschef Andreas Bovenschulte (SPD) als Bundesratspr\u00e4sident gew\u00e4hlt werden. Was das Amt f\u00fcr Bremen und die Region bedeutet:<\/p>\n<p>Warum steht Bremen bald an der Spitze des Bundesrats?<\/p>\n<p>Die Pr\u00e4sidentschaft im Bundesrat wechselt j\u00e4hrlich in einer festgelegten Reihenfolge. Sie beginnt stets bei dem bev\u00f6lkerungsreichsten Land &#8211; also Nordrhein-Westfalen &#8211; und endet mit Bremen als Land mit den wenigsten Einwohnerinnen und Einwohnern. Bovenschulte folgt damit Anke Rehlinger, SPD-Politikerin und Ministerpr\u00e4sidentin des Saarlandes.\u00a0<\/p>\n<p>Symbolisch \u00fcbernahm Bremens Regierungschef den Staffelstab schon am 3. Oktober, dem Tag der Deutschen Einheit. Offiziell beginnt die Pr\u00e4sidentschaft mit dem 1. November.<\/p>\n<p>Welche Aufgaben kommen auf den Pr\u00e4sidenten des Bundesrats zu?<\/p>\n<p>Der Pr\u00e4sident leitet die Sitzungen des Bundesrats und vertritt das Gremium bei Terminen im In- und Ausland. Sollte der Bundespr\u00e4sident verhindert sein oder vorzeitig aus dem Amt scheiden, \u00fcbernimmt er dessen Befugnisse. Zuletzt passierte das 2010 nach dem R\u00fccktritt von Bundespr\u00e4sident Horst K\u00f6hler: Der damalige Bundesratspr\u00e4sident, Bremens B\u00fcrgermeister Jens B\u00f6hrnsen (SPD), leitete die Amtsgesch\u00e4fte im Schloss Bellevue f\u00fcr 30 Tage.<\/p>\n<p>Unterst\u00fctzung bekommt Andreas Bovenschulte dabei von Nancy B\u00f6hning als Bevollm\u00e4chtigte beim Bund und f\u00fcr Europa. &#8222;Das bezieht sich zum einen auf alle Sitzungen, protokollarischen Termine und die vielen Veranstaltungen rund um die Bundesratspr\u00e4sidentschaft in Berlin&#8220;, teilte ihr Sprecher mit. &#8222;Zum anderen auf alle internationalen Termine und Auslandsreisen.&#8220; Au\u00dferdem \u00fcbernimmt die SPD-Politikerin den Vorsitz der Europakammer des Bundesrats.<\/p>\n<p>Welche Schwerpunkte m\u00f6chte Bovenschulte als Bundesratspr\u00e4sident setzen?<\/p>\n<p>Der SPD-Politiker will seinen Vorsitz unter das Motto &#8222;Viele St\u00e4rken &#8211; ein Land&#8220; stellen. Es soll der f\u00f6derale Gedanke der Bundesrepublik verdeutlicht werden. &#8222;Gemeinsam sind wir stark und haben viel zu bieten \u2013 das wollen wir im Schulterschluss mit den anderen Bundesl\u00e4ndern in dem Jahr zeigen und leben&#8220;, k\u00fcndigt Bovenschulte an.\u00a0<\/p>\n<p>Das Motto lasse sich auch auf Norddeutschland und Bremen \u00fcbertragen. &#8222;Viele Zehntausend Niedersachsen fahren jeden Morgen zur Arbeit nach Bremen und Bremerhaven, und viele Zehntausend fahren von hier in die Nachbargemeinden&#8220;, sagte Bovenschulte. &#8222;Wenn das Land Bremen in den kommenden zw\u00f6lf Monaten als starker Teil Deutschlands wahrgenommen wird, dann st\u00e4rkt das den gesamten Norden.&#8220;<\/p>\n<p>Wie kann Bremen von der Bundesratspr\u00e4sidentschaft profitieren?<\/p>\n<p>Das kleinste Bundesland steht aus Sicht von Andreas Bovenschulte exemplarisch f\u00fcr das, was den F\u00f6deralismus lebendig macht. &#8222;Vielfalt der Wege, Respekt vor Unterschiedlichkeiten, Schwung durch Innovationen und ein solidarisches Miteinander&#8220;, erkl\u00e4rte der B\u00fcrgermeister. &#8222;Bremen und Bremerhaven zeigen, dass gesellschaftlicher Fortschritt nicht von der Gr\u00f6\u00dfe abh\u00e4ngt, sondern von Ideen, Haltung und Gestaltungswillen.&#8220;\u00a0<\/p>\n<p>Die Pr\u00e4sidentschaft sei eine gute Gelegenheit, sich als Hafen-, Handels- und Wissenschaftsstandort zu positionieren. &#8222;Durch die F\u00fclle an Veranstaltungen und Terminen steht Bremen als kleinstes Bundesland sicherlich mehr im Scheinwerferlicht als sonst \u2013 das wollen wir nutzen, um die Vorz\u00fcge und Besonderheiten unseres Zwei-St\u00e4dte-Staats ins Schaufenster zu stellen&#8220;, betonte Bovenschulte.<\/p>\n<p>Welche Veranstaltungen und Reisen sind geplant?<\/p>\n<p>Im Rahmen der Bundesratspr\u00e4sidentschaft sind verschiedene Veranstaltungen geplant. So soll es am 17. November eine kulturelle Auftaktveranstaltung in der Neuen Nationalgalerie in Berlin geben.\u00a0<\/p>\n<p>Im Rampenlicht wird Bremen insbesondere rund um den Tag der Deutschen Einheit 2026 stehen, der traditionell in dem Land des amtierenden Bundesratspr\u00e4sidenten drei Tage lang gefeiert wird. &#8222;Derzeit laufen die Vorbereitungen bereits auf Hochtouren&#8220;, teilte ein Sprecher des Senats mit. Geplant sei ein Fest der kurzen Wege \u2013 mit dem Schwerpunkt zwischen Bahnhof und Weser, zwischen Faulenquartier und Osterdeich.\u00a0<\/p>\n<p>Als Bundesratspr\u00e4sident soll Bovenschulte die Bundesl\u00e4nder und die Bundesrepublik auch im Ausland repr\u00e4sentieren. Wohin der 60-J\u00e4hrige reisen und welche L\u00e4nder er empfangen wird, wird nach Angaben der Senatskanzlei zu Beginn der Bundesratspr\u00e4sidentschaft Anfang November abgestimmt.<\/p>\n","protected":false},"excerpt":{"rendered":"Niedersachsen &amp; Bremen An der Spitze des Bundesrats &#8211; Was das Amt f\u00fcr Bremen hei\u00dft 17.10.2025, 04:32 Uhr&hellip;\n","protected":false},"author":2,"featured_media":504711,"comment_status":"","ping_status":"","sticky":false,"template":"","format":"standard","meta":{"footnotes":""},"categories":[1824],"tags":[8391,24821,2420,126070,3364,29,30,1411,67144,3771],"class_list":{"0":"post-504710","1":"post","2":"type-post","3":"status-publish","4":"format-standard","5":"has-post-thumbnail","7":"category-bremen","8":"tag-amt","9":"tag-an","10":"tag-bremen","11":"tag-bundesrats","12":"tag-de","13":"tag-deutschland","14":"tag-germany","15":"tag-niedersachsen","16":"tag-spitze","17":"tag-was"},"share_on_mastodon":{"url":"https:\/\/pubeurope.com\/@de\/115387178926702478","error":""},"_links":{"self":[{"href":"https:\/\/www.europesays.com\/de\/wp-json\/wp\/v2\/posts\/504710","targetHints":{"allow":["GET"]}}],"collection":[{"href":"https:\/\/www.europesays.com\/de\/wp-json\/wp\/v2\/posts"}],"about":[{"href":"https:\/\/www.europesays.com\/de\/wp-json\/wp\/v2\/types\/post"}],"author":[{"embeddable":true,"href":"https:\/\/www.europesays.com\/de\/wp-json\/wp\/v2\/users\/2"}],"replies":[{"embeddable":true,"href":"https:\/\/www.europesays.com\/de\/wp-json\/wp\/v2\/comments?post=504710"}],"version-history":[{"count":0,"href":"https:\/\/www.europesays.com\/de\/wp-json\/wp\/v2\/posts\/504710\/revisions"}],"wp:featuredmedia":[{"embeddable":true,"href":"https:\/\/www.europesays.com\/de\/wp-json\/wp\/v2\/media\/504711"}],"wp:attachment":[{"href":"https:\/\/www.europesays.com\/de\/wp-json\/wp\/v2\/media?parent=504710"}],"wp:term":[{"taxonomy":"category","embeddable":true,"href":"https:\/\/www.europesays.com\/de\/wp-json\/wp\/v2\/categories?post=504710"},{"taxonomy":"post_tag","embeddable":true,"href":"https:\/\/www.europesays.com\/de\/wp-json\/wp\/v2\/tags?post=504710"}],"curies":[{"name":"wp","href":"https:\/\/api.w.org\/{rel}","templated":true}]}}