{"id":504719,"date":"2025-10-17T02:40:19","date_gmt":"2025-10-17T02:40:19","guid":{"rendered":"https:\/\/www.europesays.com\/de\/504719\/"},"modified":"2025-10-17T02:40:19","modified_gmt":"2025-10-17T02:40:19","slug":"brand-in-beliebtem-lokal-und-anklageerhebung-gegen-mutmasslichen-vergewaltiger-aus-dem-rosental-%c2%b7-leipziger-zeitung","status":"publish","type":"post","link":"https:\/\/www.europesays.com\/de\/504719\/","title":{"rendered":"Brand in beliebtem Lokal und Anklageerhebung gegen mutma\u00dflichen Vergewaltiger aus dem Rosental \u00b7 Leipziger Zeitung"},"content":{"rendered":"<p>Ein Feuer verursachte in der letzten Nacht gesch\u00e4tzte 20.000 Euro Sachschaden im bekannten Lokal \u201eSuedbrause \u2013 bei Freunden\u201c, Verletzte gab es nicht. Und: Mehr als acht Jahre nach einer brutalen Vergewaltigung im Rosental wurde der mutma\u00dfliche T\u00e4ter, der erst im Fr\u00fchjahr gefasst wurde und f\u00fcr weitere \u00dcbergriffe verantwortlich sein soll, angeklagt. Die LZ fasst zusammen, was am Donnerstag, dem 16. Oktober 2025, in Leipzig, Sachsen und dar\u00fcber hinaus wichtig war.<\/p>\n<p>N\u00e4chtlicher Brand im bekanntem Caf\u00e9<\/p>\n<p>Im Leipziger Caf\u00e9 \u201eSuedbrause \u2013 bei Freunden\u201c (fr\u00fcher: \u201eS\u00fcdbrause\u201c) am Connewitzer Kreuz hat es in der vergangenen Nacht gebrannt: \u201eAus bisher noch nicht abschlie\u00dfend gekl\u00e4rter Ursache geriet ein Mobiliar im Obergeschoss des Geb\u00e4udes in Brand. Die Flammen griffen anschlie\u00dfend auch auf die W\u00e4nde und das Dach des Geb\u00e4udes \u00fcber und besch\u00e4digten diese, bevor die Feuerwehr den Brand schlie\u00dflich erfolgreich bek\u00e4mpfte. Verletzt wurde niemand\u201c, teilte Polizeisprecherin Melanie Roeber am Donnerstagmorgen mit.<img decoding=\"async\" src=\"https:\/\/www.europesays.com\/de\/wp-content\/uploads\/2025\/10\/0c6df0dcc77c40c7839e0bb45965dcdb.gif\" alt=\"\" width=\"https:\/\/www.l-iz.de\/der-tag\/2025\/10\/1\" height=\"https:\/\/www.l-iz.de\/der-tag\/2025\/10\/1\"\/><\/p>\n<p><a href=\"https:\/\/www.europesays.com\/de\/wp-content\/uploads\/2025\/10\/suedbrause.jpg\"><img loading=\"lazy\" decoding=\"async\" class=\"wp-image-606905 size-full\" src=\"https:\/\/www.europesays.com\/de\/wp-content\/uploads\/2025\/10\/suedbrause.jpg\" alt=\"Blick zur S\u00fcdbrause am Connewitzer Kreuz.\" width=\"2250\" height=\"1500\"  \/><\/a>Blick zur \u201eSuedbrause \u2013 bei Freunden\u201c am Connewitzer Kreuz. Foto: Ralf Julke<\/p>\n<p>F\u00fcr die L\u00f6scharbeiten von Berufs- und Freiwilliger Feuerwehr wurden die Karl-Liebknecht-Stra\u00dfe und die nahe Kochstra\u00dfe vor\u00fcbergehend gesperrt. Der Sachschaden wird nach erstem Befund auf etwa 20.000 Euro beziffert. Zur Ursache des Feuers laufen Ermittlungen, Donnerstagmittag waren Experten zur Spurensicherung im Geb\u00e4ude.<\/p>\n<p>Das Objekt, 1898 errichtet, war urspr\u00fcnglich eine Badeanstalt. Die LVB nutzten es nach langem Leerstand von 1996 bis 2000 als Endstellenhaus und f\u00fcr den Fahrkartenverkauf. Vor 25 Jahren wurde das Haus saniert und zum beliebten Lokal umfunktioniert.<\/p>\n<p>Taten sorgten f\u00fcr Aufsehen: Mutma\u00dflicher Vergewaltiger wohl bald vor Gericht<\/p>\n<p>Gegen einen heute 33-j\u00e4hrigen Mann ist Anklage wegen sexueller N\u00f6tigung in drei F\u00e4llen, besonders schwerer sexueller N\u00f6tigung in Tateinheit mit gef\u00e4hrlicher K\u00f6rperverletzung, besonders schwerer Vergewaltigung in Tateinheit mit gef\u00e4hrlicher K\u00f6rperverletzung, Diebstahls und Sachbesch\u00e4digung erhoben worden. Dies gab die Leipziger Staatsanwaltschaft am Donnerstag bekannt.<\/p>\n<p>Der Verd\u00e4chtige soll 2016 und 2017 insgesamt f\u00fcnf Sexualdelikte begangen haben, Opfer waren Frauen in Eutritzsch, am Cospudener See und im Leipziger Rosental. An letzterem Ort \u00fcberfiel der Mann laut Anklagebeh\u00f6rde am 31. August 2017 bei helllichtem Tag eine damals 69 Jahre alte Joggerin, die er lebensbedrohlich verletzt und vergewaltigt haben soll. Das Verbrechen verursachte damals ein gr\u00f6\u00dferes mediales Echo.<\/p>\n<p>Trotz fieberhafter Arbeit blieb der Ermittlungserfolg jahrelang aus. Erst nach einem missgl\u00fcckten Einbruch im Fr\u00fchjahr 2025 ging der mutma\u00dfliche Sexualstraft\u00e4ter den Beh\u00f6rden ins Netz. Aufgrund eines DNA-Abgleichs ordneten ihm Ermittler mehrere unaufgekl\u00e4rte Delikte zu. Seit 22. Mai sitzt der Mann in U-Haft. Bei Zulassung der Anklage d\u00fcrfte demn\u00e4chst der Prozess vor einer gro\u00dfen Strafkammer des Landgerichts starten.<\/p>\n<p><strong>Wor\u00fcber die LZ heute berichtet hat:<\/strong><\/p>\n<p><a class=\"post-link\" href=\"https:\/\/www.l-iz.de\/leben\/gesellschaft\/2025\/10\/kommentar-zum-rundfunkbeitrag-urteil-frage-perspektive-636659\" target=\"_blank\" rel=\"noopener\">Kommentar zum Rundfunkbeitrag-Urteil: Eine Frage der Perspektive<\/a><\/p>\n<p><a class=\"post-link\" href=\"https:\/\/www.l-iz.de\/politik\/brennpunkt\/2025\/10\/online-umfrage-workshop-fockeberg-636547\" target=\"_blank\" rel=\"noopener\">Online-Umfrage und Workshop vor Ort: Die B\u00fcrgerbeteiligung zum Fockeberg startet<\/a><\/p>\n<p><a class=\"post-link\" href=\"https:\/\/www.l-iz.de\/politik\/brennpunkt\/2025\/10\/spd-gesa-jahrtausendfeld-636544\" target=\"_blank\" rel=\"noopener\">SPD-Stadtr\u00e4tin will es wissen: Was wird aus dem GESA-Grundst\u00fcck am Jahrtausendfeld?<\/a><\/p>\n<p><a class=\"post-link\" href=\"https:\/\/www.l-iz.de\/bildung\/forschung\/2025\/10\/karten-atlas-deutschland-636524\" target=\"_blank\" rel=\"noopener\">Neue Karten im Nationalatlas: Wo \u00fcberall in Deutschland automatisierter \u00d6PNV getestet wird<\/a><\/p>\n<p><a class=\"post-link\" href=\"https:\/\/www.l-iz.de\/wirtschaft\/metropolregion\/2025\/10\/energiewende-wirtschaftspolitik-herbst-der-reformen-636521\" target=\"_blank\" rel=\"noopener\">Ein Weg zur bezahlbaren Energiewende oder eine fehlgeleitete Wirtschaftspolitik beim Herbst der Reformen<\/a><\/p>\n<p><a class=\"post-link\" href=\"https:\/\/www.l-iz.de\/leben\/gesellschaft\/2025\/10\/erneute-hausbesetzung-im-leipziger-osten-polizei-raeumt-eckhaus-in-einertstrasse-636633\" target=\"_blank\" rel=\"noopener\">Erneute Hausbesetzung im Leipziger Osten: Polizei r\u00e4umt Eckhaus in Einertstra\u00dfe<\/a><\/p>\n<p><a class=\"post-link\" href=\"https:\/\/www.l-iz.de\/bildung\/buecher\/2025\/10\/tag-x-gernot-rohrhofer-636534\" target=\"_blank\" rel=\"noopener\">Der \u201eTag X\u201c: Gernot Rohrhofer sp\u00fcrt den \u00f6sterreichischen Wurzeln der \u201eS\u00e4chsischen Separatisten\u201c nach<\/a><\/p>\n<p><strong>Was sonst noch wichtig war:<\/strong><\/p>\n<p>Die Leipziger Polizei sucht nach einem vermissten Teenager (16) aus Taucha: <a href=\"https:\/\/www.l-iz.de\/melder\/polizeimelder\/2025\/10\/polizei-sucht-nach-16-jaehrigem-3-636687\" target=\"_blank\" rel=\"noopener\">Hier gibt es mehr Infos<\/a> und einen Link zum Foto des Jugendlichen.<\/p>\n<p><a href=\"https:\/\/www.mdr.de\/nachrichten\/sachsen\/chemnitz\/chemnitz-stollberg\/streik-drk-krankenhaus-rabenstein-kita-100.html\" target=\"_blank\" rel=\"noopener\">Erneute Streiks<\/a> in Chemnitz.<\/p>\n<p>Andreas Schmidt-Schaller verabschiedet sich aus dem Gesch\u00e4ft: Er wolle seinen Lebensabend ruhig im Familienkreis verbringen, <a href=\"https:\/\/home.1und1.de\/magazine\/unterhaltung\/filme-serien-kino\/soko-leipzig-star-andreas-schmidt-schaller-hoert-schauspieler-41486734\" target=\"_blank\" rel=\"noopener\">teilte der Schauspieler kurz vor seinem 80. Geburtstag mit<\/a>. Bekannt wurde er unter anderem durch Rollen als Leutnant im \u201ePolizeiruf 110\u201c und als Chefermittler bei \u201eSoKo Leipzig.\u201c<\/p>\n<p>Am Landgericht Aschaffenburg <a href=\"https:\/\/www.zdfheute.de\/panorama\/kriminalitaet\/aschaffenburg-messerattacke-prozess-beginn-100.html\" target=\"_blank\" rel=\"noopener\">begann das Verfahren<\/a> um eine schier unerkl\u00e4rliche Tat, die bundesweit f\u00fcr Entsetzen und politischen Wirbel sorgte: Ein 28-J\u00e4hriger soll am 22. Januar eine Gruppe von Kita-Kindern im Park attackiert, dabei einen 2-J\u00e4hrigen sowie einen eingreifenden Passanten (41) get\u00f6tet haben. Der Verd\u00e4chtige gilt wegen einer psychischen Erkrankung als schuldunf\u00e4hig und soll dauerhaft in einer Klinik untergebracht werden.<\/p>\n<p>Bundeskanzler Friedrich Merz (69, CDU) beschwor in einer <a href=\"https:\/\/www.tagesschau.de\/inland\/regierungserklaerung-merz-bundestag-102.html\" target=\"_blank\" rel=\"noopener\">Regierungserkl\u00e4rung im Bundestag<\/a> Europa als \u201eFriedensmacht\u201c, \u00e4u\u00dferte sich aber nicht zu Baustellen und Streitigkeiten in der Koalition aus Union und SPD. Zudem <a href=\"https:\/\/www.deutschlandfunk.de\/kompensation-fuer-steuerausfaelle-der-kommunen-gebilligt-100.html\" target=\"_blank\" rel=\"noopener\">beschloss das Parlament<\/a> die \u00dcbernahme finanzieller Einbu\u00dfen, die den Kommunen in den n\u00e4chsten Jahren durch Steuerentlastungen f\u00fcr Unternehmen drohen.<\/p>\n","protected":false},"excerpt":{"rendered":"Ein Feuer verursachte in der letzten Nacht gesch\u00e4tzte 20.000 Euro Sachschaden im bekannten Lokal \u201eSuedbrause \u2013 bei Freunden\u201c,&hellip;\n","protected":false},"author":2,"featured_media":504720,"comment_status":"","ping_status":"","sticky":false,"template":"","format":"standard","meta":{"footnotes":""},"categories":[1832],"tags":[84676,3364,2409,29,30,71,49458,859,1997,126073,1921],"class_list":{"0":"post-504719","1":"post","2":"type-post","3":"status-publish","4":"format-standard","5":"has-post-thumbnail","7":"category-leipzig","8":"tag-connewitzer-kreuz","9":"tag-de","10":"tag-der-tag","11":"tag-deutschland","12":"tag-germany","13":"tag-leipzig","14":"tag-rosental","15":"tag-sachsen","16":"tag-staatsanwaltschaft","17":"tag-suedbrause","18":"tag-vergewaltigung"},"share_on_mastodon":{"url":"https:\/\/pubeurope.com\/@de\/115387198710165050","error":""},"_links":{"self":[{"href":"https:\/\/www.europesays.com\/de\/wp-json\/wp\/v2\/posts\/504719","targetHints":{"allow":["GET"]}}],"collection":[{"href":"https:\/\/www.europesays.com\/de\/wp-json\/wp\/v2\/posts"}],"about":[{"href":"https:\/\/www.europesays.com\/de\/wp-json\/wp\/v2\/types\/post"}],"author":[{"embeddable":true,"href":"https:\/\/www.europesays.com\/de\/wp-json\/wp\/v2\/users\/2"}],"replies":[{"embeddable":true,"href":"https:\/\/www.europesays.com\/de\/wp-json\/wp\/v2\/comments?post=504719"}],"version-history":[{"count":0,"href":"https:\/\/www.europesays.com\/de\/wp-json\/wp\/v2\/posts\/504719\/revisions"}],"wp:featuredmedia":[{"embeddable":true,"href":"https:\/\/www.europesays.com\/de\/wp-json\/wp\/v2\/media\/504720"}],"wp:attachment":[{"href":"https:\/\/www.europesays.com\/de\/wp-json\/wp\/v2\/media?parent=504719"}],"wp:term":[{"taxonomy":"category","embeddable":true,"href":"https:\/\/www.europesays.com\/de\/wp-json\/wp\/v2\/categories?post=504719"},{"taxonomy":"post_tag","embeddable":true,"href":"https:\/\/www.europesays.com\/de\/wp-json\/wp\/v2\/tags?post=504719"}],"curies":[{"name":"wp","href":"https:\/\/api.w.org\/{rel}","templated":true}]}}