{"id":504724,"date":"2025-10-17T02:43:24","date_gmt":"2025-10-17T02:43:24","guid":{"rendered":"https:\/\/www.europesays.com\/de\/504724\/"},"modified":"2025-10-17T02:43:24","modified_gmt":"2025-10-17T02:43:24","slug":"sperrung-der-a44-wird-verschoben","status":"publish","type":"post","link":"https:\/\/www.europesays.com\/de\/504724\/","title":{"rendered":"Sperrung der A44 wird verschoben"},"content":{"rendered":"<p class=\"text_ohne_einzug richtext text-em-55 !leading-serif mx-6 desktop:mx-0\">  Die dritte Sperrung eines wichtigen Verkehrsweges in wenigen Tagen bleibt D\u00fcsseldorfs Autofahrern erspart. Nach <a href=\"https:\/\/rp-online.de\/thema\/a59\/\" target=\"_blank\" rel=\"noopener\">A59<\/a> und <a href=\"https:\/\/rp-online.de\/thema\/theodor-heuss-bruecke\/\" target=\"_blank\" rel=\"noopener\">Theodor-Heuss-Br\u00fccke<\/a> in dieser Woche, sollte in wenigen Tagen die <a href=\"https:\/\/rp-online.de\/thema\/a44\/\" target=\"_blank\" rel=\"noopener\">A44<\/a> zwischen dem Autobahnkreuz <a href=\"https:\/\/rp-online.de\/thema\/meerbusch\/\" target=\"_blank\" rel=\"noopener\">Meerbusch<\/a> und der Anschlussstelle D\u00fcsseldorf-Messe\/Arena in Fahrtrichtung <a href=\"https:\/\/rp-online.de\/thema\/velbert\/\" target=\"_blank\" rel=\"noopener\">Velbert<\/a> gesperrt werden. Das ist jetzt jedoch zun\u00e4chst vom Tisch.<\/p>\n<p class=\"richtext text-em-55 !leading-serif mx-6 desktop:mx-0\">Wie die zust\u00e4ndige Autobahn GmbH jetzt mitteilte, sorge eine Schlecht-Wetter-Prognose f\u00fcr die Verschiebung der notwendigen Arbeiten am Fahrbahnbelag. Urspr\u00fcnglich geplant waren diese von Dienstag, 21. Oktober, bis Dienstag, 28. Oktober. Jetzt seien die Arbeiten f\u00fcr April kommenden Jahres terminiert.<\/p>\n<p class=\"richtext text-em-55 !leading-serif mx-6 desktop:mx-0\">Auf dem Teilst\u00fcck der A44 m\u00fcssen folgende Ma\u00dfnahmen durchgef\u00fchrt werden:<\/p>\n<p class=\"richtext text-em-55 !leading-serif mx-6 desktop:mx-0\">\u201eEs besteht ein hohes ausf\u00fchrungstechnisches Niveau bei der Umsetzung der Ma\u00dfnahme, weil diese in kurzer Zeit realisiert wird\u201c, sagte ein Sprecher der Autobahn GmbH. Die Arbeiten m\u00fcssten zudem auf einem Streckenabschnitt ausgef\u00fchrt werden, der durch das Br\u00fcckenbauwerk sowie zwei Tunnelbauwerke besonders herausfordernd sei.<\/p>\n","protected":false},"excerpt":{"rendered":"Die dritte Sperrung eines wichtigen Verkehrsweges in wenigen Tagen bleibt D\u00fcsseldorfs Autofahrern erspart. Nach A59 und Theodor-Heuss-Br\u00fccke in&hellip;\n","protected":false},"author":2,"featured_media":504725,"comment_status":"","ping_status":"","sticky":false,"template":"","format":"standard","meta":{"footnotes":""},"categories":[1831],"tags":[44950,9777,9913,3364,29,3405,126074,30,27897,7139,47,1209,30702,2224,56818],"class_list":{"0":"post-504724","1":"post","2":"type-post","3":"status-publish","4":"format-standard","5":"has-post-thumbnail","7":"category-duesseldorf","8":"tag-a44","9":"tag-erneuerung","10":"tag-a59","11":"tag-de","12":"tag-deutschland","13":"tag-duesseldorf","14":"tag-erneuerungsabschnitt","15":"tag-germany","16":"tag-heuss","17":"tag-meerbusch","18":"tag-messe","19":"tag-nordrhein-westfalen","20":"tag-quadratmeter","21":"tag-sperrung","22":"tag-verschoben"},"share_on_mastodon":{"url":"https:\/\/pubeurope.com\/@de\/115387210335889938","error":""},"_links":{"self":[{"href":"https:\/\/www.europesays.com\/de\/wp-json\/wp\/v2\/posts\/504724","targetHints":{"allow":["GET"]}}],"collection":[{"href":"https:\/\/www.europesays.com\/de\/wp-json\/wp\/v2\/posts"}],"about":[{"href":"https:\/\/www.europesays.com\/de\/wp-json\/wp\/v2\/types\/post"}],"author":[{"embeddable":true,"href":"https:\/\/www.europesays.com\/de\/wp-json\/wp\/v2\/users\/2"}],"replies":[{"embeddable":true,"href":"https:\/\/www.europesays.com\/de\/wp-json\/wp\/v2\/comments?post=504724"}],"version-history":[{"count":0,"href":"https:\/\/www.europesays.com\/de\/wp-json\/wp\/v2\/posts\/504724\/revisions"}],"wp:featuredmedia":[{"embeddable":true,"href":"https:\/\/www.europesays.com\/de\/wp-json\/wp\/v2\/media\/504725"}],"wp:attachment":[{"href":"https:\/\/www.europesays.com\/de\/wp-json\/wp\/v2\/media?parent=504724"}],"wp:term":[{"taxonomy":"category","embeddable":true,"href":"https:\/\/www.europesays.com\/de\/wp-json\/wp\/v2\/categories?post=504724"},{"taxonomy":"post_tag","embeddable":true,"href":"https:\/\/www.europesays.com\/de\/wp-json\/wp\/v2\/tags?post=504724"}],"curies":[{"name":"wp","href":"https:\/\/api.w.org\/{rel}","templated":true}]}}