{"id":504726,"date":"2025-10-17T02:44:14","date_gmt":"2025-10-17T02:44:14","guid":{"rendered":"https:\/\/www.europesays.com\/de\/504726\/"},"modified":"2025-10-17T02:44:14","modified_gmt":"2025-10-17T02:44:14","slug":"strassenumfrage-in-stuttgart-das-sagen-junge-stuttgarter-zur-wehrpflicht-per-losverfahren-2","status":"publish","type":"post","link":"https:\/\/www.europesays.com\/de\/504726\/","title":{"rendered":"Stra\u00dfenumfrage in Stuttgart: Das sagen junge Stuttgarter zur Wehrpflicht per Losverfahren"},"content":{"rendered":"<p>Die <a href=\"https:\/\/www.stuttgarter-zeitung.de\/thema\/Bundeswehr\" title=\"Bundeswehr\" class=\"art_thema\" target=\"_blank\" rel=\"noopener\">Bundeswehr<\/a> sucht dringend mehr Rekruten, doch zu wenige melden sich freiwillig. Deshalb plant die Union nach d\u00e4nischem Vorbild ein Losverfahren: Ein Teil der jungen Menschen soll per Zufall zum Wehrdienst verpflichtet werden. In D\u00e4nemark gilt ein \u00e4hnliches System \u2013 dort wird nur etwa ein F\u00fcnftel eines Jahrgangs tats\u00e4chlich eingezogen.<\/p>\n<p>Union und SPD hatten sich zun\u00e4chst auf das Losverfahren geeinigt, doch wegen Widerstands in der SPD-Fraktion wurde die Einigung \u00fcberraschend nicht verk\u00fcndet. Ob das Gesetz am Donnerstag im Bundestag beraten wird, ist unklar.<\/p>\n<p>Wir haben dazu eine Stra\u00dfenumfrage unter jungen Stuttgarterinnen und Stuttgartern gemacht, um ihre Meinung zu dem geplanten Losverfahren zu h\u00f6ren. Die Meinungen der jungen Stuttgarterinnen und Stuttgarter zum geplanten Losverfahren sehen Sie in unserer <b>Stra\u00dfenumfrage im Video<\/b>.<\/p>\n","protected":false},"excerpt":{"rendered":"Die Bundeswehr sucht dringend mehr Rekruten, doch zu wenige melden sich freiwillig. Deshalb plant die Union nach d\u00e4nischem&hellip;\n","protected":false},"author":2,"featured_media":503383,"comment_status":"","ping_status":"","sticky":false,"template":"","format":"standard","meta":{"footnotes":""},"categories":[1830],"tags":[1634,685,3364,29,30,94313,1441,4649,5329,690],"class_list":{"0":"post-504726","1":"post","2":"type-post","3":"status-publish","4":"format-standard","5":"has-post-thumbnail","7":"category-stuttgart","8":"tag-baden-wuerttemberg","9":"tag-bundeswehr","10":"tag-de","11":"tag-deutschland","12":"tag-germany","13":"tag-krie","14":"tag-stuttgart","15":"tag-umfrage","16":"tag-video","17":"tag-wehrpflicht"},"share_on_mastodon":{"url":"https:\/\/pubeurope.com\/@de\/115387214298748495","error":""},"_links":{"self":[{"href":"https:\/\/www.europesays.com\/de\/wp-json\/wp\/v2\/posts\/504726","targetHints":{"allow":["GET"]}}],"collection":[{"href":"https:\/\/www.europesays.com\/de\/wp-json\/wp\/v2\/posts"}],"about":[{"href":"https:\/\/www.europesays.com\/de\/wp-json\/wp\/v2\/types\/post"}],"author":[{"embeddable":true,"href":"https:\/\/www.europesays.com\/de\/wp-json\/wp\/v2\/users\/2"}],"replies":[{"embeddable":true,"href":"https:\/\/www.europesays.com\/de\/wp-json\/wp\/v2\/comments?post=504726"}],"version-history":[{"count":0,"href":"https:\/\/www.europesays.com\/de\/wp-json\/wp\/v2\/posts\/504726\/revisions"}],"wp:featuredmedia":[{"embeddable":true,"href":"https:\/\/www.europesays.com\/de\/wp-json\/wp\/v2\/media\/503383"}],"wp:attachment":[{"href":"https:\/\/www.europesays.com\/de\/wp-json\/wp\/v2\/media?parent=504726"}],"wp:term":[{"taxonomy":"category","embeddable":true,"href":"https:\/\/www.europesays.com\/de\/wp-json\/wp\/v2\/categories?post=504726"},{"taxonomy":"post_tag","embeddable":true,"href":"https:\/\/www.europesays.com\/de\/wp-json\/wp\/v2\/tags?post=504726"}],"curies":[{"name":"wp","href":"https:\/\/api.w.org\/{rel}","templated":true}]}}